{"id":1035,"date":"2022-10-28T17:54:32","date_gmt":"2022-10-28T17:54:32","guid":{"rendered":"https:\/\/camposerranoradio.com\/home\/?p=1035"},"modified":"2022-10-28T17:54:33","modified_gmt":"2022-10-28T17:54:33","slug":"se-realizo-la-xi-maraton-contra-el-abuso-sexual-en-menores-de-edad-en-aguachica-%ef%bf%bc","status":"publish","type":"post","link":"https:\/\/camposerranoradio.com\/home\/2022\/10\/28\/se-realizo-la-xi-maraton-contra-el-abuso-sexual-en-menores-de-edad-en-aguachica-%ef%bf%bc\/","title":{"rendered":"SE REALIZ\u00d3 LA XI MARAT\u00d3N CONTRA EL ABUSO SEXUAL EN MENORES DE EDAD EN AGUACHICA \ufffc"},"content":{"rendered":"\n<p class=\"wp-block-paragraph\">Con el fin de llevar a la comunidad de Aguachica un mensaje de compromiso y de llamado a la vez en el cuidado y protecci\u00f3n contra el abuso sexual de ni\u00f1os, ni\u00f1as y adolescentes, se llev\u00f3 a cabo el d\u00eda 26 de octubre una caminata de la XI marat\u00f3n contra el abuso sexual en menores de edad.<\/p>\n\n\n\n<p class=\"wp-block-paragraph\">En el evento participaron instituciones de salud p\u00fablica del municipio, la Instituci\u00f3n Educativa Jorge Eliecer Gait\u00e1n, Instituci\u00f3n Educativa Nuestra Se\u00f1ora Del Carmen, Instituci\u00f3n Educativa Guillermo Le\u00f3n Valencia, Asmet Salud IPS, Apsefacom, proceso articulado con la Polic\u00eda Nacional, Ej\u00e9rcito Nacional y el Instituto Colombiano de bienestar Familiar.<\/p>\n\n\n\n<p class=\"wp-block-paragraph\">Durante el recorrido el cual inici\u00f3 en la calle 5ta con carrera 31 y finaliz\u00f3 en el parque principal San Roque, los participantes marcharon por que haya cero tolerancias al abuso sexual contra menores de edad, aludiendo que todos en la sociedad somos responsables del cuidado, la integridad y bienestar de los ni\u00f1os, ni\u00f1as y adolescentes.<\/p>\n","protected":false},"excerpt":{"rendered":"<p>Con el fin de llevar a la comunidad de Aguachica un mensaje de compromiso y de llamado a la vez en el cuidado y protecci\u00f3n contra el abuso sexual de ni\u00f1os, ni\u00f1as y adolescentes, se llev\u00f3 a cabo el d\u00eda 26 de octubre una caminata de la XI marat\u00f3n contra el abuso sexual en menores [&hellip;]<\/p>\n","protected":false},"author":3,"featured_media":0,"comment_status":"open","ping_status":"open","sticky":false,"template":"","format":"standard","meta":{"footnotes":""},"categories":[11,13],"tags":[],"class_list":["post-1035","post","type-post","status-publish","format-standard","hentry","category-local","category-news"],"_links":{"self":[{"href":"https:\/\/camposerranoradio.com\/home\/wp-json\/wp\/v2\/posts\/1035","targetHints":{"allow":["GET"]}}],"collection":[{"href":"https:\/\/camposerranoradio.com\/home\/wp-json\/wp\/v2\/posts"}],"about":[{"href":"https:\/\/camposerranoradio.com\/home\/wp-json\/wp\/v2\/types\/post"}],"author":[{"embeddable":true,"href":"https:\/\/camposerranoradio.com\/home\/wp-json\/wp\/v2\/users\/3"}],"replies":[{"embeddable":true,"href":"https:\/\/camposerranoradio.com\/home\/wp-json\/wp\/v2\/comments?post=1035"}],"version-history":[{"count":1,"href":"https:\/\/camposerranoradio.com\/home\/wp-json\/wp\/v2\/posts\/1035\/revisions"}],"predecessor-version":[{"id":1037,"href":"https:\/\/camposerranoradio.com\/home\/wp-json\/wp\/v2\/posts\/1035\/revisions\/1037"}],"wp:attachment":[{"href":"https:\/\/camposerranoradio.com\/home\/wp-json\/wp\/v2\/media?parent=1035"}],"wp:term":[{"taxonomy":"category","embeddable":true,"href":"https:\/\/camposerranoradio.com\/home\/wp-json\/wp\/v2\/categories?post=1035"},{"taxonomy":"post_tag","embeddable":true,"href":"https:\/\/camposerranoradio.com\/home\/wp-json\/wp\/v2\/tags?post=1035"}],"curies":[{"name":"wp","href":"https:\/\/api.w.org\/{rel}","templated":true}]}}