{"id":1044,"date":"2022-10-31T12:17:32","date_gmt":"2022-10-31T12:17:32","guid":{"rendered":"https:\/\/camposerranoradio.com\/home\/?p=1044"},"modified":"2022-10-31T12:17:33","modified_gmt":"2022-10-31T12:17:33","slug":"etapa-de-preinscripcion-de-mas-familias-en-accion-sigue-su-curso-en-la-oficina-de-familias-en-accion-municipal","status":"publish","type":"post","link":"https:\/\/camposerranoradio.com\/home\/2022\/10\/31\/etapa-de-preinscripcion-de-mas-familias-en-accion-sigue-su-curso-en-la-oficina-de-familias-en-accion-municipal\/","title":{"rendered":"ETAPA DE PREINSCRIPCI\u00d3N DE \u00a0M\u00c1S FAMILIAS EN ACCI\u00d3N SIGUE SU CURSO EN LA OFICINA DE FAMILIAS EN ACCI\u00d3N MUNICIPAL"},"content":{"rendered":"\n<p class=\"wp-block-paragraph\">Finaliz\u00f3 el viernes 28 de octubre, con un aproximado de 3.600 familias inscritas el proceso de preinscripci\u00f3n de la fase operativa IV del programa M\u00e1s Familias en Acci\u00f3n, el cual comenz\u00f3 el pasado 21 de septiembre de 2022 en las instalaciones del Club de Eventos Unideportes en Aguachica.<\/p>\n\n\n\n<p class=\"wp-block-paragraph\">Sin embargo, el Departamento Administrativo para la Prosperidad Social regional Cesar dej\u00f3 establecido la continuidad de las preinscripciones en las instalaciones de la oficina de Familias en Acci\u00f3n en Aguachica durante el mes de noviembre del a\u00f1o en curso con el fin de abarcar a todas las familias; este dar\u00e1 inicio nuevamente ma\u00f1ana martes 1ro del mes once, teniendo en cuenta que son alrededor de 6.000 potenciales familias aguachiquenses beneficiarias para su preinscripci\u00f3n.<\/p>\n\n\n\n<p class=\"wp-block-paragraph\">Aunque el proceso fue ampliado en dos oportunidades no se logr\u00f3 cumplir con el objetivo propuesto, por ello, el enlace municipal de M\u00e1s Familias en Acci\u00f3n nuevamente extiende a la comunidad beneficiaria de Aguachica a que sigan realizando el proceso acerc\u00e1ndose en adelante a las instalaciones de Familias en Acci\u00f3n municipal con el fin de verificar su focalizaci\u00f3n y den inicio al proceso de preinscripci\u00f3n. Es importante recordar que las familias seleccionadas para el proceso, deben cumplir con el requisito de encontrarse en alguno de los subgrupos del sisb\u00e9n IV comprendidos de la A1 a la B4.<\/p>\n","protected":false},"excerpt":{"rendered":"<p>Finaliz\u00f3 el viernes 28 de octubre, con un aproximado de 3.600 familias inscritas el proceso de preinscripci\u00f3n de la fase operativa IV del programa M\u00e1s Familias en Acci\u00f3n, el cual comenz\u00f3 el pasado 21 de septiembre de 2022 en las instalaciones del Club de Eventos Unideportes en Aguachica. Sin embargo, el Departamento Administrativo para la [&hellip;]<\/p>\n","protected":false},"author":3,"featured_media":0,"comment_status":"open","ping_status":"open","sticky":false,"template":"","format":"standard","meta":{"footnotes":""},"categories":[11,13],"tags":[],"class_list":["post-1044","post","type-post","status-publish","format-standard","hentry","category-local","category-news"],"_links":{"self":[{"href":"https:\/\/camposerranoradio.com\/home\/wp-json\/wp\/v2\/posts\/1044","targetHints":{"allow":["GET"]}}],"collection":[{"href":"https:\/\/camposerranoradio.com\/home\/wp-json\/wp\/v2\/posts"}],"about":[{"href":"https:\/\/camposerranoradio.com\/home\/wp-json\/wp\/v2\/types\/post"}],"author":[{"embeddable":true,"href":"https:\/\/camposerranoradio.com\/home\/wp-json\/wp\/v2\/users\/3"}],"replies":[{"embeddable":true,"href":"https:\/\/camposerranoradio.com\/home\/wp-json\/wp\/v2\/comments?post=1044"}],"version-history":[{"count":1,"href":"https:\/\/camposerranoradio.com\/home\/wp-json\/wp\/v2\/posts\/1044\/revisions"}],"predecessor-version":[{"id":1046,"href":"https:\/\/camposerranoradio.com\/home\/wp-json\/wp\/v2\/posts\/1044\/revisions\/1046"}],"wp:attachment":[{"href":"https:\/\/camposerranoradio.com\/home\/wp-json\/wp\/v2\/media?parent=1044"}],"wp:term":[{"taxonomy":"category","embeddable":true,"href":"https:\/\/camposerranoradio.com\/home\/wp-json\/wp\/v2\/categories?post=1044"},{"taxonomy":"post_tag","embeddable":true,"href":"https:\/\/camposerranoradio.com\/home\/wp-json\/wp\/v2\/tags?post=1044"}],"curies":[{"name":"wp","href":"https:\/\/api.w.org\/{rel}","templated":true}]}}