{"id":1050,"date":"2022-10-31T12:35:11","date_gmt":"2022-10-31T12:35:11","guid":{"rendered":"https:\/\/camposerranoradio.com\/home\/?p=1050"},"modified":"2022-10-31T12:35:11","modified_gmt":"2022-10-31T12:35:11","slug":"conductor-sufrio-aparatoso-accidente-de-transito-en-el-cerro-de-los-chivos","status":"publish","type":"post","link":"https:\/\/camposerranoradio.com\/home\/2022\/10\/31\/conductor-sufrio-aparatoso-accidente-de-transito-en-el-cerro-de-los-chivos\/","title":{"rendered":"<strong>CONDUCTOR SUFRI\u00d3 APARATOSO ACCIDENTE DE TR\u00c1NSITO EN EL CERRO DE LOS CHIVOS<\/strong>"},"content":{"rendered":"\n<p class=\"wp-block-paragraph\">En el sector conocido como el Cerro de los chivos jurisdicci\u00f3n del municipio de &nbsp;Aguachica, Cesar, se present\u00f3 un accidente de tr\u00e1nsito en el que el conductor de un cami\u00f3n de color verde, de placas STA 747, fue impactado de frente por un veh\u00edculo de carga pesada ocasionando la comprensi\u00f3n de la cabina en su totalidad y dejando al conductor ileso, situaci\u00f3n que oblig\u00f3 la oportuna prestaci\u00f3n de los primeros auxilios por parte de moradores y transe\u00fantes y posterior traslado hacia el Hospital Regional Jos\u00e9 David Padilla Villafa\u00f1e de esta municipalidad. Las autoridades manejan la hip\u00f3tesis del accidente enfocada en que este se present\u00f3 por falta de se\u00f1alizaci\u00f3n del tracto cami\u00f3n estacionado.<\/p>\n\n\n\n<p class=\"wp-block-paragraph\">Seg\u00fan el parte m\u00e9dico se presenta en la v\u00edctima m\u00faltiples contusiones en el t\u00f3rax; la persona lesionada responde al nombre de Fredy Mart\u00edn Castellanos Ni\u00f1o de 38 a\u00f1os de edad, quien qued\u00f3 corporalmente atrapado en la cabina a los largo de varias horas; los hechos ocurrieron el viernes 28 de octubre sobre la media noche.<\/p>\n","protected":false},"excerpt":{"rendered":"<p>En el sector conocido como el Cerro de los chivos jurisdicci\u00f3n del municipio de &nbsp;Aguachica, Cesar, se present\u00f3 un accidente de tr\u00e1nsito en el que el conductor de un cami\u00f3n de color verde, de placas STA 747, fue impactado de frente por un veh\u00edculo de carga pesada ocasionando la comprensi\u00f3n de la cabina en su [&hellip;]<\/p>\n","protected":false},"author":3,"featured_media":0,"comment_status":"open","ping_status":"open","sticky":false,"template":"","format":"standard","meta":{"footnotes":""},"categories":[11,13],"tags":[],"class_list":["post-1050","post","type-post","status-publish","format-standard","hentry","category-local","category-news"],"_links":{"self":[{"href":"https:\/\/camposerranoradio.com\/home\/wp-json\/wp\/v2\/posts\/1050","targetHints":{"allow":["GET"]}}],"collection":[{"href":"https:\/\/camposerranoradio.com\/home\/wp-json\/wp\/v2\/posts"}],"about":[{"href":"https:\/\/camposerranoradio.com\/home\/wp-json\/wp\/v2\/types\/post"}],"author":[{"embeddable":true,"href":"https:\/\/camposerranoradio.com\/home\/wp-json\/wp\/v2\/users\/3"}],"replies":[{"embeddable":true,"href":"https:\/\/camposerranoradio.com\/home\/wp-json\/wp\/v2\/comments?post=1050"}],"version-history":[{"count":1,"href":"https:\/\/camposerranoradio.com\/home\/wp-json\/wp\/v2\/posts\/1050\/revisions"}],"predecessor-version":[{"id":1052,"href":"https:\/\/camposerranoradio.com\/home\/wp-json\/wp\/v2\/posts\/1050\/revisions\/1052"}],"wp:attachment":[{"href":"https:\/\/camposerranoradio.com\/home\/wp-json\/wp\/v2\/media?parent=1050"}],"wp:term":[{"taxonomy":"category","embeddable":true,"href":"https:\/\/camposerranoradio.com\/home\/wp-json\/wp\/v2\/categories?post=1050"},{"taxonomy":"post_tag","embeddable":true,"href":"https:\/\/camposerranoradio.com\/home\/wp-json\/wp\/v2\/tags?post=1050"}],"curies":[{"name":"wp","href":"https:\/\/api.w.org\/{rel}","templated":true}]}}