{"id":1066,"date":"2022-11-01T12:04:19","date_gmt":"2022-11-01T12:04:19","guid":{"rendered":"https:\/\/camposerranoradio.com\/home\/?p=1066"},"modified":"2022-11-01T12:04:20","modified_gmt":"2022-11-01T12:04:20","slug":"nueva-directora-del-transito-municipal-de-aguachica-tomo-posesion","status":"publish","type":"post","link":"https:\/\/camposerranoradio.com\/home\/2022\/11\/01\/nueva-directora-del-transito-municipal-de-aguachica-tomo-posesion\/","title":{"rendered":"NUEVA DIRECTORA DEL TR\u00c1NSITO MUNICIPAL\u00a0 DE AGUACHICA TOM\u00d3 POSESI\u00d3N"},"content":{"rendered":"\n<p class=\"wp-block-paragraph\">La ma\u00f1ana de ayer lunes 31 de octubre, tom\u00f3 posesi\u00f3n la nueva directora del Instituto Municipal de Tr\u00e1nsito y Transporte de Aguachica, la aguachiquense Yelitza Elena Polan\u00eda Posada. La noticia fue dada a conocer a la comunidad a trav\u00e9s de una transmisi\u00f3n en vivo en la cuenta de Facebook de la administraci\u00f3n actual; en la misma transmisi\u00f3n el primer mandatario expres\u00f3 que este nuevo nombramiento se hace, presuntamente, como consecuencia de la declaraci\u00f3n que emana la insubsistencia en el cargo al exdirector Jos\u00e9 Olimpo Vargas Serrano, dejando ver la supuesta rencilla establecida por la reactivaci\u00f3n de las foto multas.<\/p>\n\n\n\n<p class=\"wp-block-paragraph\">Polan\u00eda Posada tendr\u00e1 la dif\u00edcil tarea de sacar adelante productivamente la instituci\u00f3n teniendo en cuenta la cr\u00edtica situaci\u00f3n financiera que atraviesa el IMTTA, exigir adem\u00e1s, el cumplimiento de las normas internas al recuperar el tr\u00e1nsito vial mediante la aplicaci\u00f3n correcta del actual Decreto de movilidad, hacer supuesta la efectividad de la denuncia del causante del deterioro del detrimento del erario p\u00fablico del IMTTA, denunciar las irregularidades existentes en los funcionarios, entre otras funciones.<\/p>\n\n\n\n<p class=\"wp-block-paragraph\">La nueva directora se comprometi\u00f3 p\u00fablicamente con recuperar la cartera del cobro coactivo institucional, as\u00ed mismo, manifest\u00f3 que llegar\u00e1 a acuerdos con los diferentes gremios de transporte formal e informal y agilizar\u00e1 la construcci\u00f3n de la sede propia del IMTTA y la sede de la escuela automovil\u00edstica.<\/p>\n\n\n\n<p class=\"wp-block-paragraph\">Yeliza Elena Polan\u00eda Posada es abogada especializada de profesi\u00f3n; en su trayectoria laboral figur\u00f3 como asesora jur\u00eddica del IMTTA, tiempo en el cual colabor\u00f3 en la gesti\u00f3n junto al ex director Carlos Jos\u00e9 Jim\u00e9nez, la sede propia para el IMTTA.<\/p>\n","protected":false},"excerpt":{"rendered":"<p>La ma\u00f1ana de ayer lunes 31 de octubre, tom\u00f3 posesi\u00f3n la nueva directora del Instituto Municipal de Tr\u00e1nsito y Transporte de Aguachica, la aguachiquense Yelitza Elena Polan\u00eda Posada. La noticia fue dada a conocer a la comunidad a trav\u00e9s de una transmisi\u00f3n en vivo en la cuenta de Facebook de la administraci\u00f3n actual; en la [&hellip;]<\/p>\n","protected":false},"author":3,"featured_media":0,"comment_status":"open","ping_status":"open","sticky":false,"template":"","format":"standard","meta":{"footnotes":""},"categories":[11,13],"tags":[],"class_list":["post-1066","post","type-post","status-publish","format-standard","hentry","category-local","category-news"],"_links":{"self":[{"href":"https:\/\/camposerranoradio.com\/home\/wp-json\/wp\/v2\/posts\/1066","targetHints":{"allow":["GET"]}}],"collection":[{"href":"https:\/\/camposerranoradio.com\/home\/wp-json\/wp\/v2\/posts"}],"about":[{"href":"https:\/\/camposerranoradio.com\/home\/wp-json\/wp\/v2\/types\/post"}],"author":[{"embeddable":true,"href":"https:\/\/camposerranoradio.com\/home\/wp-json\/wp\/v2\/users\/3"}],"replies":[{"embeddable":true,"href":"https:\/\/camposerranoradio.com\/home\/wp-json\/wp\/v2\/comments?post=1066"}],"version-history":[{"count":1,"href":"https:\/\/camposerranoradio.com\/home\/wp-json\/wp\/v2\/posts\/1066\/revisions"}],"predecessor-version":[{"id":1068,"href":"https:\/\/camposerranoradio.com\/home\/wp-json\/wp\/v2\/posts\/1066\/revisions\/1068"}],"wp:attachment":[{"href":"https:\/\/camposerranoradio.com\/home\/wp-json\/wp\/v2\/media?parent=1066"}],"wp:term":[{"taxonomy":"category","embeddable":true,"href":"https:\/\/camposerranoradio.com\/home\/wp-json\/wp\/v2\/categories?post=1066"},{"taxonomy":"post_tag","embeddable":true,"href":"https:\/\/camposerranoradio.com\/home\/wp-json\/wp\/v2\/tags?post=1066"}],"curies":[{"name":"wp","href":"https:\/\/api.w.org\/{rel}","templated":true}]}}