{"id":1069,"date":"2022-11-01T12:18:44","date_gmt":"2022-11-01T12:18:44","guid":{"rendered":"https:\/\/camposerranoradio.com\/home\/?p=1069"},"modified":"2022-11-01T12:18:45","modified_gmt":"2022-11-01T12:18:45","slug":"puerto-patino-vivio-el-primer-encuentro-rutas-de-las-danzas-y-tamboras-por-la-paz","status":"publish","type":"post","link":"https:\/\/camposerranoradio.com\/home\/2022\/11\/01\/puerto-patino-vivio-el-primer-encuentro-rutas-de-las-danzas-y-tamboras-por-la-paz\/","title":{"rendered":"PUERTO PATI\u00d1O VIVI\u00d3 EL PRIMER ENCUENTRO RUTAS DE LAS DANZAS Y TAMBORAS POR LA PAZ"},"content":{"rendered":"\n<p class=\"wp-block-paragraph\">Con una excelente y exitosa programaci\u00f3n cultural se llev\u00f3 a cabo el primer encuentro \u00abRutas de las danzas y tamboras por la paz\u00bb, en el corregimiento de Puerto Pati\u00f1o; evento organizado por el grupo folcl\u00f3rico Do\u00f1a Mar\u00eda perteneciente al corregimiento en menci\u00f3n, el proyecto social \u00abYo amo Puerto Pati\u00f1o\u00bb.<\/p>\n\n\n\n<p class=\"wp-block-paragraph\">El objetivo del encuentro fue dar a conocer durante dos d\u00edas la riqueza cultural y las tradiciones que de generaci\u00f3n en generaci\u00f3n trascienden a trav\u00e9s de la demostraci\u00f3n de una cultura de paz, el cual tuvo lugar los d\u00edas 29 y 30 de octubre de 2022. Este primer encuentro cont\u00f3 con una amplia gama de presentaciones tradicionales, dirigidas por m\u00e1s de 200 artistas inmersos en diez grupos de danzas, tamboras culturales y art\u00edsticas de los corregimientos de Los \u00c1ngeles, Morrison, Aguas Blancas, Loma de Corredor, Puerto Pati\u00f1o y Aguachica.<\/p>\n\n\n\n<p class=\"wp-block-paragraph\">Durante la programaci\u00f3n, se realiz\u00f3 un desfile en conmemoraci\u00f3n a la paz llamado \u00abCaminos de libertad\u00bb, as\u00ed mismo, se hizo un reconocimiento especial a las distintas delegaciones participantes. Cabe resaltar que los ni\u00f1os, ni\u00f1as y j\u00f3venes de la escuela de formaci\u00f3n cultural ofrecieron una muestra art\u00edstica.<\/p>\n","protected":false},"excerpt":{"rendered":"<p>Con una excelente y exitosa programaci\u00f3n cultural se llev\u00f3 a cabo el primer encuentro \u00abRutas de las danzas y tamboras por la paz\u00bb, en el corregimiento de Puerto Pati\u00f1o; evento organizado por el grupo folcl\u00f3rico Do\u00f1a Mar\u00eda perteneciente al corregimiento en menci\u00f3n, el proyecto social \u00abYo amo Puerto Pati\u00f1o\u00bb. El objetivo del encuentro fue dar [&hellip;]<\/p>\n","protected":false},"author":3,"featured_media":0,"comment_status":"open","ping_status":"open","sticky":false,"template":"","format":"standard","meta":{"footnotes":""},"categories":[11,13,29],"tags":[],"class_list":["post-1069","post","type-post","status-publish","format-standard","hentry","category-local","category-news","category-rural"],"_links":{"self":[{"href":"https:\/\/camposerranoradio.com\/home\/wp-json\/wp\/v2\/posts\/1069","targetHints":{"allow":["GET"]}}],"collection":[{"href":"https:\/\/camposerranoradio.com\/home\/wp-json\/wp\/v2\/posts"}],"about":[{"href":"https:\/\/camposerranoradio.com\/home\/wp-json\/wp\/v2\/types\/post"}],"author":[{"embeddable":true,"href":"https:\/\/camposerranoradio.com\/home\/wp-json\/wp\/v2\/users\/3"}],"replies":[{"embeddable":true,"href":"https:\/\/camposerranoradio.com\/home\/wp-json\/wp\/v2\/comments?post=1069"}],"version-history":[{"count":1,"href":"https:\/\/camposerranoradio.com\/home\/wp-json\/wp\/v2\/posts\/1069\/revisions"}],"predecessor-version":[{"id":1071,"href":"https:\/\/camposerranoradio.com\/home\/wp-json\/wp\/v2\/posts\/1069\/revisions\/1071"}],"wp:attachment":[{"href":"https:\/\/camposerranoradio.com\/home\/wp-json\/wp\/v2\/media?parent=1069"}],"wp:term":[{"taxonomy":"category","embeddable":true,"href":"https:\/\/camposerranoradio.com\/home\/wp-json\/wp\/v2\/categories?post=1069"},{"taxonomy":"post_tag","embeddable":true,"href":"https:\/\/camposerranoradio.com\/home\/wp-json\/wp\/v2\/tags?post=1069"}],"curies":[{"name":"wp","href":"https:\/\/api.w.org\/{rel}","templated":true}]}}