{"id":1072,"date":"2022-11-01T12:33:10","date_gmt":"2022-11-01T12:33:10","guid":{"rendered":"https:\/\/camposerranoradio.com\/home\/?p=1072"},"modified":"2022-11-01T12:33:11","modified_gmt":"2022-11-01T12:33:11","slug":"fuertes-inundaciones-se-presentan-actualmente-en-loma-de-corredor","status":"publish","type":"post","link":"https:\/\/camposerranoradio.com\/home\/2022\/11\/01\/fuertes-inundaciones-se-presentan-actualmente-en-loma-de-corredor\/","title":{"rendered":"FUERTES INUNDACIONES SE PRESENTAN ACTUALMENTE EN LOMA DE CORREDOR"},"content":{"rendered":"\n<p class=\"wp-block-paragraph\">El corregimiento de Loma de Corredor se encuentra actualmente con las calles rebasadas de agua, problem\u00e1tica que impide el tr\u00e1nsito normal de la comunidad, as\u00ed lo dieron a conocer a trav\u00e9s de im\u00e1genes y v\u00eddeos los habitantes del corregimiento, quienes manifestaron que el domingo 30 y lunes 31 de octubre amanecieron con las calles inundadas, esto debido a la fuerte ola invernal que se viene presentando a causa del fen\u00f3meno de la ni\u00f1a. <\/p>\n\n\n\n<p class=\"wp-block-paragraph\">Los habitantes expresan que la situaci\u00f3n persiste anualmente debido a la falta de una muralla que impida el desbordamiento de la quebrada Gualula y otros afluentes cercanos, la cual hace aproximadamente tres a\u00f1os el actual alcalde de Aguachica se comprometi\u00f3 en terminar de construir y a la fecha no han visto el inicio de la inversi\u00f3n social. Seg\u00fan los habitantes, ven una esperanza en la construcci\u00f3n de la obra amurallada que generer\u00e1 desarrollo al pueblo lomero.<\/p>\n\n\n\n<figure class=\"wp-block-video\"><video controls src=\"https:\/\/camposerranoradio.com\/home\/wp-content\/uploads\/2022\/11\/WhatsApp-Video-2022-11-01-at-5.45.14-AM.mp4\"><\/video><\/figure>\n","protected":false},"excerpt":{"rendered":"<p>El corregimiento de Loma de Corredor se encuentra actualmente con las calles rebasadas de agua, problem\u00e1tica que impide el tr\u00e1nsito normal de la comunidad, as\u00ed lo dieron a conocer a trav\u00e9s de im\u00e1genes y v\u00eddeos los habitantes del corregimiento, quienes manifestaron que el domingo 30 y lunes 31 de octubre amanecieron con las calles inundadas, [&hellip;]<\/p>\n","protected":false},"author":3,"featured_media":0,"comment_status":"open","ping_status":"open","sticky":false,"template":"","format":"standard","meta":{"footnotes":""},"categories":[11,13,29],"tags":[],"class_list":["post-1072","post","type-post","status-publish","format-standard","hentry","category-local","category-news","category-rural"],"_links":{"self":[{"href":"https:\/\/camposerranoradio.com\/home\/wp-json\/wp\/v2\/posts\/1072","targetHints":{"allow":["GET"]}}],"collection":[{"href":"https:\/\/camposerranoradio.com\/home\/wp-json\/wp\/v2\/posts"}],"about":[{"href":"https:\/\/camposerranoradio.com\/home\/wp-json\/wp\/v2\/types\/post"}],"author":[{"embeddable":true,"href":"https:\/\/camposerranoradio.com\/home\/wp-json\/wp\/v2\/users\/3"}],"replies":[{"embeddable":true,"href":"https:\/\/camposerranoradio.com\/home\/wp-json\/wp\/v2\/comments?post=1072"}],"version-history":[{"count":1,"href":"https:\/\/camposerranoradio.com\/home\/wp-json\/wp\/v2\/posts\/1072\/revisions"}],"predecessor-version":[{"id":1075,"href":"https:\/\/camposerranoradio.com\/home\/wp-json\/wp\/v2\/posts\/1072\/revisions\/1075"}],"wp:attachment":[{"href":"https:\/\/camposerranoradio.com\/home\/wp-json\/wp\/v2\/media?parent=1072"}],"wp:term":[{"taxonomy":"category","embeddable":true,"href":"https:\/\/camposerranoradio.com\/home\/wp-json\/wp\/v2\/categories?post=1072"},{"taxonomy":"post_tag","embeddable":true,"href":"https:\/\/camposerranoradio.com\/home\/wp-json\/wp\/v2\/tags?post=1072"}],"curies":[{"name":"wp","href":"https:\/\/api.w.org\/{rel}","templated":true}]}}