{"id":1083,"date":"2022-11-02T12:21:36","date_gmt":"2022-11-02T12:21:36","guid":{"rendered":"https:\/\/camposerranoradio.com\/home\/?p=1083"},"modified":"2022-11-02T12:21:37","modified_gmt":"2022-11-02T12:21:37","slug":"el-cementerio-central-de-aguachica-se-encuentra-en-remodelacion-fisica","status":"publish","type":"post","link":"https:\/\/camposerranoradio.com\/home\/2022\/11\/02\/el-cementerio-central-de-aguachica-se-encuentra-en-remodelacion-fisica\/","title":{"rendered":"<strong>EL CEMENTERIO CENTRAL DE AGUACHICA SE ENCUENTRA EN REMODELACI\u00d3N F\u00cdSICA<\/strong>"},"content":{"rendered":"\n<p class=\"wp-block-paragraph\">La administraci\u00f3n del Cementerio Central de Aguachica viene adelantando desde el pasado 24 de octubre una campa\u00f1a interna de poda de \u00e1rboles y remodelaci\u00f3n en la estructura de las paredes, con la cual, inicialmente, se encuentra en levantamiento la estructura de los muros de la fachada principal en ladrillos.<\/p>\n\n\n\n<p class=\"wp-block-paragraph\">El objetivo de esta campa\u00f1a es brindar una mayor seguridad al cementerio, a visitantes y al vecindario en general, dado a los altos \u00edndices de inseguridad que se vienen presentando en el interior del camposanto por personas sin escr\u00fapulos que ingresan con la finalidad de cometer actos que atentan, seg\u00fan dolientes y administrativos, contra el reposo de los que all\u00ed descansan. &nbsp;<\/p>\n\n\n\n<p class=\"wp-block-paragraph\">Las remodelaciones incluyen adem\u00e1s la reconstrucci\u00f3n de los andenes externos y el adecuamiento de nuevos panteones, por ello, Monse\u00f1or Juan Carlos Ram\u00edrez invita a toda la comunidad usuaria del camposanto de Aguachica para que realicen responsablemente el aporte administrativo que adquieren desde el momento que hacen uso de las instalaciones.<\/p>\n\n\n\n<p class=\"wp-block-paragraph\">De igual forma, Monse\u00f1or Juan Carlos extiende la invitaci\u00f3n a los feligreses cat\u00f3licos a la celebraci\u00f3n religiosa el d\u00eda de hoy, dos de noviembre, en conmemoraci\u00f3n a los fieles difuntos, en los horarios de&nbsp; 7:00 a. m., 10:00 a. m., 4:00&nbsp; y 5:30 de la tarde en el Cementerio central.<\/p>\n","protected":false},"excerpt":{"rendered":"<p>La administraci\u00f3n del Cementerio Central de Aguachica viene adelantando desde el pasado 24 de octubre una campa\u00f1a interna de poda de \u00e1rboles y remodelaci\u00f3n en la estructura de las paredes, con la cual, inicialmente, se encuentra en levantamiento la estructura de los muros de la fachada principal en ladrillos. El objetivo de esta campa\u00f1a es [&hellip;]<\/p>\n","protected":false},"author":3,"featured_media":0,"comment_status":"open","ping_status":"open","sticky":false,"template":"","format":"standard","meta":{"footnotes":""},"categories":[11,13],"tags":[],"class_list":["post-1083","post","type-post","status-publish","format-standard","hentry","category-local","category-news"],"_links":{"self":[{"href":"https:\/\/camposerranoradio.com\/home\/wp-json\/wp\/v2\/posts\/1083","targetHints":{"allow":["GET"]}}],"collection":[{"href":"https:\/\/camposerranoradio.com\/home\/wp-json\/wp\/v2\/posts"}],"about":[{"href":"https:\/\/camposerranoradio.com\/home\/wp-json\/wp\/v2\/types\/post"}],"author":[{"embeddable":true,"href":"https:\/\/camposerranoradio.com\/home\/wp-json\/wp\/v2\/users\/3"}],"replies":[{"embeddable":true,"href":"https:\/\/camposerranoradio.com\/home\/wp-json\/wp\/v2\/comments?post=1083"}],"version-history":[{"count":1,"href":"https:\/\/camposerranoradio.com\/home\/wp-json\/wp\/v2\/posts\/1083\/revisions"}],"predecessor-version":[{"id":1085,"href":"https:\/\/camposerranoradio.com\/home\/wp-json\/wp\/v2\/posts\/1083\/revisions\/1085"}],"wp:attachment":[{"href":"https:\/\/camposerranoradio.com\/home\/wp-json\/wp\/v2\/media?parent=1083"}],"wp:term":[{"taxonomy":"category","embeddable":true,"href":"https:\/\/camposerranoradio.com\/home\/wp-json\/wp\/v2\/categories?post=1083"},{"taxonomy":"post_tag","embeddable":true,"href":"https:\/\/camposerranoradio.com\/home\/wp-json\/wp\/v2\/tags?post=1083"}],"curies":[{"name":"wp","href":"https:\/\/api.w.org\/{rel}","templated":true}]}}