{"id":1130,"date":"2022-11-08T12:34:41","date_gmt":"2022-11-08T12:34:41","guid":{"rendered":"https:\/\/camposerranoradio.com\/home\/?p=1130"},"modified":"2022-11-08T12:34:41","modified_gmt":"2022-11-08T12:34:41","slug":"buena-asistencia-tuvo-el-primer-encuentro-de-jovenes-colombia-en-aguachica","status":"publish","type":"post","link":"https:\/\/camposerranoradio.com\/home\/2022\/11\/08\/buena-asistencia-tuvo-el-primer-encuentro-de-jovenes-colombia-en-aguachica\/","title":{"rendered":"<strong>BUENA ASISTENCIA TUVO EL PRIMER ENCUENTRO DE J\u00d3VENES COLOMBIA EN AGUACHICA<\/strong>"},"content":{"rendered":"\n<p class=\"wp-block-paragraph\">Buena aceptaci\u00f3n tuvo el Primer Encuentro de J\u00f3venes Colombia liderado por la actual concejal y l\u00edder juvenil Andrea Jim\u00e9nez Barrag\u00e1n, con el apoyo organizacional de la C\u00e1mara J\u00fanior Internacional Colombia JCI Valledupar plataforma de formaci\u00f3n de j\u00f3venes l\u00edderes a nivel mundial, en alianza con la Organizaci\u00f3n de J\u00f3venes de las Am\u00e9ricas, delegados voluntarios en Colombia seleccionados por la Young Bussiness Trust (YBT) y la Organizaci\u00f3n de los Estados Americanos. &nbsp;<\/p>\n\n\n\n<p class=\"wp-block-paragraph\">El evento cont\u00f3 con la participaci\u00f3n de ponentes nacionales e internacionales y con la asistencia de l\u00edderes juveniles de la etnia Way\u00fau establecida en el municipio de Pueblo Bello, Cesar; fue realizado el s\u00e1bado cinco de noviembre en la C\u00e1mara de Comercio de Aguachica, con el prop\u00f3sito de proporcionar y apropiar de manera te\u00f3rica a los asistentes en temas relacionados con el desarrollo de la capacidad de liderazgo, responsabilidad social, esp\u00edritu empresarial y compa\u00f1erismo necesarios para crear cambios positivos empresariales en el mundo.<\/p>\n\n\n\n<p class=\"wp-block-paragraph\">En el marco del desarrollo del primer encuentro se socializaron adem\u00e1s temas direccionados en la manera correcta de emprender, c\u00f3mo enfocarse en un emprendimiento productivo, c\u00f3mo superar miedos, c\u00f3mo los j\u00f3venes pueden aprovechar el tiempo, internacionalismo; en este encuentro la profesional Katia Gonz\u00e1lez pasada presidente de la JCI Colombia dej\u00f3 abierta la posibilidad de crear una plataforma JCI Aguachica para j\u00f3venes a partir de los 18 a\u00f1os, espacio en el cual tienen la oportunidad de capacitarse en liderazgo y en el abordaje de otras tem\u00e1ticas, a trav\u00e9s de la proporci\u00f3n de entornos en el cual puedan desarrollar su verdadero potencial empresarial y social. Este primer encuentro fue apoyado por la Universidad Popular del Cesar, el Servicio Nacional de Aprendizaje SENA y la C\u00e1mara de comercio de Aguachica.<\/p>\n\n\n\n<p class=\"wp-block-paragraph\"><\/p>\n\n\n\n<figure class=\"wp-block-audio\"><audio controls src=\"https:\/\/camposerranoradio.com\/home\/wp-content\/uploads\/2022\/11\/Katie-Gonzalez-expresidente-JCI-encuentro-jovenes-en-Aguachica-08-11-22.mp3\"><\/audio><figcaption class=\"wp-element-caption\">Katia\u00a0 Gonz\u00e1lez, pasada presidente de la JCI Colombia<\/figcaption><\/figure>\n\n\n\n<p class=\"wp-block-paragraph\"><\/p>\n\n\n\n<figure class=\"wp-block-gallery has-nested-images columns-default is-cropped wp-block-gallery-1 is-layout-flex wp-block-gallery-is-layout-flex\">\n<figure class=\"wp-block-image size-large\"><img decoding=\"async\" data-id=\"1132\" src=\"https:\/\/camposerranoradio.com\/home\/wp-content\/uploads\/2022\/11\/BUENA-ASISTENCIA-TUVO-EL-PRIMER-ENCUENTRO-DE-JOVENES-COLOMBIA-EN-AGUACHICA-1.jpg\" alt=\"\" class=\"wp-image-1132\"\/><\/figure>\n\n\n\n<figure class=\"wp-block-image size-large\"><img decoding=\"async\" data-id=\"1133\" src=\"https:\/\/camposerranoradio.com\/home\/wp-content\/uploads\/2022\/11\/BUENA-ASISTENCIA-TUVO-EL-PRIMER-ENCUENTRO-DE-JOVENES-COLOMBIA-EN-AGUACHICA-2.jpg\" alt=\"\" class=\"wp-image-1133\"\/><\/figure>\n<\/figure>\n","protected":false},"excerpt":{"rendered":"<p>Buena aceptaci\u00f3n tuvo el Primer Encuentro de J\u00f3venes Colombia liderado por la actual concejal y l\u00edder juvenil Andrea Jim\u00e9nez Barrag\u00e1n, con el apoyo organizacional de la C\u00e1mara J\u00fanior Internacional Colombia JCI Valledupar plataforma de formaci\u00f3n de j\u00f3venes l\u00edderes a nivel mundial, en alianza con la Organizaci\u00f3n de J\u00f3venes de las Am\u00e9ricas, delegados voluntarios en Colombia [&hellip;]<\/p>\n","protected":false},"author":3,"featured_media":0,"comment_status":"open","ping_status":"open","sticky":false,"template":"","format":"standard","meta":{"footnotes":""},"categories":[11,13],"tags":[],"class_list":["post-1130","post","type-post","status-publish","format-standard","hentry","category-local","category-news"],"_links":{"self":[{"href":"https:\/\/camposerranoradio.com\/home\/wp-json\/wp\/v2\/posts\/1130","targetHints":{"allow":["GET"]}}],"collection":[{"href":"https:\/\/camposerranoradio.com\/home\/wp-json\/wp\/v2\/posts"}],"about":[{"href":"https:\/\/camposerranoradio.com\/home\/wp-json\/wp\/v2\/types\/post"}],"author":[{"embeddable":true,"href":"https:\/\/camposerranoradio.com\/home\/wp-json\/wp\/v2\/users\/3"}],"replies":[{"embeddable":true,"href":"https:\/\/camposerranoradio.com\/home\/wp-json\/wp\/v2\/comments?post=1130"}],"version-history":[{"count":1,"href":"https:\/\/camposerranoradio.com\/home\/wp-json\/wp\/v2\/posts\/1130\/revisions"}],"predecessor-version":[{"id":1134,"href":"https:\/\/camposerranoradio.com\/home\/wp-json\/wp\/v2\/posts\/1130\/revisions\/1134"}],"wp:attachment":[{"href":"https:\/\/camposerranoradio.com\/home\/wp-json\/wp\/v2\/media?parent=1130"}],"wp:term":[{"taxonomy":"category","embeddable":true,"href":"https:\/\/camposerranoradio.com\/home\/wp-json\/wp\/v2\/categories?post=1130"},{"taxonomy":"post_tag","embeddable":true,"href":"https:\/\/camposerranoradio.com\/home\/wp-json\/wp\/v2\/tags?post=1130"}],"curies":[{"name":"wp","href":"https:\/\/api.w.org\/{rel}","templated":true}]}}