{"id":1135,"date":"2022-11-08T12:43:15","date_gmt":"2022-11-08T12:43:15","guid":{"rendered":"https:\/\/camposerranoradio.com\/home\/?p=1135"},"modified":"2022-11-08T12:43:16","modified_gmt":"2022-11-08T12:43:16","slug":"grandes-muestras-culturales-fueron-participes-de-la-5ta-velada-artistica-morrocoyera","status":"publish","type":"post","link":"https:\/\/camposerranoradio.com\/home\/2022\/11\/08\/grandes-muestras-culturales-fueron-participes-de-la-5ta-velada-artistica-morrocoyera\/","title":{"rendered":"<strong>GRANDES MUESTRAS CULTURALES FUERON PARTICIPES DE LA 5TA VELADA ART\u00cdSTICA MORROCOYERA<\/strong>"},"content":{"rendered":"\n<p class=\"wp-block-paragraph\">Grandes personajes de la cultura local hicieron parte de las grandiosas presentaciones en la 5ta Velada Art\u00edstica y Cultural Morrocoyera realizada el s\u00e1bado cinco de noviembre en horas de la tarde, en el Centro Cultural Eladio Vargas.<\/p>\n\n\n\n<p class=\"wp-block-paragraph\">Bajo un agradable clima, acompa\u00f1ado de fuertes brisas que denotaron la venidera \u00e9poca decembrina, participantes rememoraron y deleitaron con escritos poemarios y musicales, danzas al son de tamboras y cantos entonados con alegr\u00eda a cargo de integrantes del Grupo Folkl\u00f3rico Buturama, muestras de emprendimientos de manos aguachiquenses quienes dejaron ver la gran variedad cultural y art\u00edstica que posee el municipio de Aguachica y que aportan grandemente al enriquecimiento de la cultura local.<\/p>\n\n\n\n<p class=\"wp-block-paragraph\">Cada impecable presentaci\u00f3n recibi\u00f3 fuertes aplausos por parte de los asistentes, quienes ratificaron que en el municipio hay mucho potencial cultural que debe exaltarse. El talento protagonista de esta 5\u00aa Velada Art\u00edstica Morrocoyera fue inicialmente los integrantes de la Escuela de Formaci\u00f3n Art\u00edstica del Grupo Folkl\u00f3rico Buturama quienes dieron apertura a la velada con la danza La Cumbia, y posteriormente con la puesta en escena danzaria La Ronda, La Mo\u00f1a y La Cosecha.<\/p>\n\n\n\n<p class=\"wp-block-paragraph\">Intercaladamente expusieron composiciones musicales el se\u00f1or Luis Jos\u00e9 Solano, Carlos Quintero, Gustavo Alberto Caselles, Fredy Orlando Herrera, en declamaciones po\u00e9ticas participar\u00e1n Andr\u00e9s Felipe Leal, Jazm\u00edn Tarazona, Yerly Mar\u00edn, Jos\u00e9 Vicente Barraza, Mar\u00eda Jos\u00e9 Blanco, Luis Fernando Guerrero y Humberto P\u00e9rez, artesanalmente expusieron sus emprendimientos la se\u00f1ora Rosita Camargo, Jazm\u00edn Tarazona y el se\u00f1or Frank Angarita. Evento apoyado por el Instituto Municipal de Recreaci\u00f3n Y Deporte de Aguachica.<\/p>\n\n\n\n<p class=\"wp-block-paragraph\"><\/p>\n\n\n\n<figure class=\"wp-block-gallery has-nested-images columns-default is-cropped wp-block-gallery-1 is-layout-flex wp-block-gallery-is-layout-flex\">\n<figure class=\"wp-block-image size-large\"><img decoding=\"async\" data-id=\"1136\" src=\"https:\/\/camposerranoradio.com\/home\/wp-content\/uploads\/2022\/11\/GRANDES-MUESTRAS-CULTURALES-FUERON-PARTICIPES-DE-LA-5TA-VELADA-ARTISTICA-MORROCOYERA1.jpg\" alt=\"\" class=\"wp-image-1136\"\/><\/figure>\n\n\n\n<figure class=\"wp-block-image size-large\"><img decoding=\"async\" data-id=\"1137\" src=\"https:\/\/camposerranoradio.com\/home\/wp-content\/uploads\/2022\/11\/GRANDES-MUESTRAS-CULTURALES-FUERON-PARTICIPES-DE-LA-5TA-VELADA-ARTISTICA-MORROCOYERA2.jpg\" alt=\"\" class=\"wp-image-1137\"\/><\/figure>\n<\/figure>\n","protected":false},"excerpt":{"rendered":"<p>Grandes personajes de la cultura local hicieron parte de las grandiosas presentaciones en la 5ta Velada Art\u00edstica y Cultural Morrocoyera realizada el s\u00e1bado cinco de noviembre en horas de la tarde, en el Centro Cultural Eladio Vargas. Bajo un agradable clima, acompa\u00f1ado de fuertes brisas que denotaron la venidera \u00e9poca decembrina, participantes rememoraron y deleitaron [&hellip;]<\/p>\n","protected":false},"author":3,"featured_media":0,"comment_status":"open","ping_status":"open","sticky":false,"template":"","format":"standard","meta":{"footnotes":""},"categories":[11,13],"tags":[],"class_list":["post-1135","post","type-post","status-publish","format-standard","hentry","category-local","category-news"],"_links":{"self":[{"href":"https:\/\/camposerranoradio.com\/home\/wp-json\/wp\/v2\/posts\/1135","targetHints":{"allow":["GET"]}}],"collection":[{"href":"https:\/\/camposerranoradio.com\/home\/wp-json\/wp\/v2\/posts"}],"about":[{"href":"https:\/\/camposerranoradio.com\/home\/wp-json\/wp\/v2\/types\/post"}],"author":[{"embeddable":true,"href":"https:\/\/camposerranoradio.com\/home\/wp-json\/wp\/v2\/users\/3"}],"replies":[{"embeddable":true,"href":"https:\/\/camposerranoradio.com\/home\/wp-json\/wp\/v2\/comments?post=1135"}],"version-history":[{"count":1,"href":"https:\/\/camposerranoradio.com\/home\/wp-json\/wp\/v2\/posts\/1135\/revisions"}],"predecessor-version":[{"id":1138,"href":"https:\/\/camposerranoradio.com\/home\/wp-json\/wp\/v2\/posts\/1135\/revisions\/1138"}],"wp:attachment":[{"href":"https:\/\/camposerranoradio.com\/home\/wp-json\/wp\/v2\/media?parent=1135"}],"wp:term":[{"taxonomy":"category","embeddable":true,"href":"https:\/\/camposerranoradio.com\/home\/wp-json\/wp\/v2\/categories?post=1135"},{"taxonomy":"post_tag","embeddable":true,"href":"https:\/\/camposerranoradio.com\/home\/wp-json\/wp\/v2\/tags?post=1135"}],"curies":[{"name":"wp","href":"https:\/\/api.w.org\/{rel}","templated":true}]}}