{"id":1201,"date":"2022-11-15T12:33:20","date_gmt":"2022-11-15T12:33:20","guid":{"rendered":"https:\/\/camposerranoradio.com\/home\/?p=1201"},"modified":"2022-11-15T12:33:20","modified_gmt":"2022-11-15T12:33:20","slug":"exitoso-fue-el-cuarto-festival-comercial-y-multicultural-reactivate-sur-en-aguachica","status":"publish","type":"post","link":"https:\/\/camposerranoradio.com\/home\/2022\/11\/15\/exitoso-fue-el-cuarto-festival-comercial-y-multicultural-reactivate-sur-en-aguachica\/","title":{"rendered":"<strong>EXITOSO FUE EL CUARTO FESTIVAL COMERCIAL Y MULTICULTURAL \u00b4REACT\u00cdVATE SUR\u00b4 EN AGUACHICA<\/strong>"},"content":{"rendered":"\n<p class=\"wp-block-paragraph\">Durante tres d\u00edas el IV Festival Comercial y multicultural \u00b4React\u00edvate Sur\u00b4 atendi\u00f3 al p\u00fablico en Aguachica con diferentes muestras empresariales provenientes del sur de Bol\u00edvar y sur del Cesar. Evento liderado por la C\u00e1mara de Comercio de Aguachica entre el viernes 11, s\u00e1bado 12 y domingo 13 de noviembre en esta oportunidad en sus instalaciones.<\/p>\n\n\n\n<p class=\"wp-block-paragraph\">Diferentes muestras hicieron parte de&nbsp; esta cuarta versi\u00f3n presencial que busc\u00f3 promover la comercializaci\u00f3n y sobre todo la reactivaci\u00f3n econ\u00f3mica de las empresas y emprendimientos de los sures en los sectores de arte, cultura, turismo, artesan\u00edas, moda, belleza, negocios verdes, gastronom\u00eda, pi\u00f1ater\u00eda, salud y bienestar.<\/p>\n\n\n\n<p class=\"wp-block-paragraph\">La comunidad de Aguachica y sus alrededores atendieron el llamado de la entidad cameral asistiendo durante los tres d\u00edas y disfrutando de shows musicales y productos asequibles al p\u00fablico. Mar\u00eda Teresa Hern\u00e1ndez Prada, presidente ejecutiva de la C\u00e1mara de Comercio de Aguachica destac\u00f3 lema \u00abel Festival Comercial y Multicultural \u2018React\u00edvate Sur\u2019 representa anualmente un motor indispensable en la econom\u00eda regional, involucra a empresarios, comerciantes, artesanos y emprendedores del sur del Cesar y sur de Bol\u00edvar, esta cuarta versiona fue muy complaciente pese a que fue un fin de semana acompa\u00f1ado de lluvia, cada participante logr\u00f3 mostrar sus productos, se lograron tambi\u00e9n unas articulaciones entre ellos, fue un \u00e9xito esta versi\u00f3n 2022\u00bb.<\/p>\n\n\n\n<p class=\"wp-block-paragraph\">Un fin de semana cargado de una programaci\u00f3n multicultural especial, ni\u00f1os y ni\u00f1as disfrutaron de pintucaritas, asistentes deleitaron el festival gastron\u00f3mico, presentaciones culturales, de moda y shows en vivo.<\/p>\n\n\n\n<p class=\"wp-block-paragraph\"><\/p>\n\n\n\n<figure class=\"wp-block-audio\"><audio controls src=\"https:\/\/camposerranoradio.com\/home\/wp-content\/uploads\/2022\/11\/Maria-Teresa-Hernandez-presidente-ejecutiva-de-la-CCA-15-11-22.mp3\"><\/audio><figcaption class=\"wp-element-caption\"><strong>Mar\u00eda Teres Hern\u00e1ndez presidenta ejecutiva de la CCA<\/strong><\/figcaption><\/figure>\n\n\n\n<figure class=\"wp-block-gallery has-nested-images columns-default is-cropped wp-block-gallery-1 is-layout-flex wp-block-gallery-is-layout-flex\">\n<figure class=\"wp-block-image size-large\"><img decoding=\"async\" data-id=\"1203\" src=\"https:\/\/camposerranoradio.com\/home\/wp-content\/uploads\/2022\/11\/EXITOSO-FUE-EL-CUARTO-FESTIVAL-COMERCIAL-Y-MULTICULTURAL-\u00b4REACTIVATE-SUR\u00b4-EN-AGUACHICA-1.jpg\" alt=\"\" class=\"wp-image-1203\"\/><\/figure>\n\n\n\n<figure class=\"wp-block-image size-large\"><img decoding=\"async\" data-id=\"1204\" src=\"https:\/\/camposerranoradio.com\/home\/wp-content\/uploads\/2022\/11\/EXITOSO-FUE-EL-CUARTO-FESTIVAL-COMERCIAL-Y-MULTICULTURAL-\u00b4REACTIVATE-SUR\u00b4-EN-AGUACHICA-2.jpg\" alt=\"\" class=\"wp-image-1204\"\/><\/figure>\n<\/figure>\n","protected":false},"excerpt":{"rendered":"<p>Durante tres d\u00edas el IV Festival Comercial y multicultural \u00b4React\u00edvate Sur\u00b4 atendi\u00f3 al p\u00fablico en Aguachica con diferentes muestras empresariales provenientes del sur de Bol\u00edvar y sur del Cesar. Evento liderado por la C\u00e1mara de Comercio de Aguachica entre el viernes 11, s\u00e1bado 12 y domingo 13 de noviembre en esta oportunidad en sus instalaciones. [&hellip;]<\/p>\n","protected":false},"author":3,"featured_media":0,"comment_status":"open","ping_status":"open","sticky":false,"template":"","format":"standard","meta":{"footnotes":""},"categories":[11,13,5],"tags":[],"class_list":["post-1201","post","type-post","status-publish","format-standard","hentry","category-local","category-news","category-regional"],"_links":{"self":[{"href":"https:\/\/camposerranoradio.com\/home\/wp-json\/wp\/v2\/posts\/1201","targetHints":{"allow":["GET"]}}],"collection":[{"href":"https:\/\/camposerranoradio.com\/home\/wp-json\/wp\/v2\/posts"}],"about":[{"href":"https:\/\/camposerranoradio.com\/home\/wp-json\/wp\/v2\/types\/post"}],"author":[{"embeddable":true,"href":"https:\/\/camposerranoradio.com\/home\/wp-json\/wp\/v2\/users\/3"}],"replies":[{"embeddable":true,"href":"https:\/\/camposerranoradio.com\/home\/wp-json\/wp\/v2\/comments?post=1201"}],"version-history":[{"count":1,"href":"https:\/\/camposerranoradio.com\/home\/wp-json\/wp\/v2\/posts\/1201\/revisions"}],"predecessor-version":[{"id":1205,"href":"https:\/\/camposerranoradio.com\/home\/wp-json\/wp\/v2\/posts\/1201\/revisions\/1205"}],"wp:attachment":[{"href":"https:\/\/camposerranoradio.com\/home\/wp-json\/wp\/v2\/media?parent=1201"}],"wp:term":[{"taxonomy":"category","embeddable":true,"href":"https:\/\/camposerranoradio.com\/home\/wp-json\/wp\/v2\/categories?post=1201"},{"taxonomy":"post_tag","embeddable":true,"href":"https:\/\/camposerranoradio.com\/home\/wp-json\/wp\/v2\/tags?post=1201"}],"curies":[{"name":"wp","href":"https:\/\/api.w.org\/{rel}","templated":true}]}}