{"id":1227,"date":"2022-11-16T12:19:06","date_gmt":"2022-11-16T12:19:06","guid":{"rendered":"https:\/\/camposerranoradio.com\/home\/?p=1227"},"modified":"2022-11-16T12:19:06","modified_gmt":"2022-11-16T12:19:06","slug":"aducesar-aguachica-realizo-planton-en-apoyo-a-los-100-dias-del-gobierno-del-senor-presidente-gustavo-petro","status":"publish","type":"post","link":"https:\/\/camposerranoradio.com\/home\/2022\/11\/16\/aducesar-aguachica-realizo-planton-en-apoyo-a-los-100-dias-del-gobierno-del-senor-presidente-gustavo-petro\/","title":{"rendered":"<strong>ADUCESAR AGUACHICA REALIZ\u00d3 PLANT\u00d3N EN APOYO A LOS 100 D\u00cdAS DEL GOBIERNO DEL SE\u00d1OR PRESIDENTE GUSTAVO PETRO<\/strong>"},"content":{"rendered":"\n<p class=\"wp-block-paragraph\">La tarde de ayer martes 15 de noviembre la junta directiva de la Asociaci\u00f3n de Educadores del Cesar seccional Aguachica realiz\u00f3 un plant\u00f3n pacifico en respaldo a los 100 d\u00edas de la implementaci\u00f3n del gobierno de la paz total, la vida y la democracia del presidente Gustavo Petro Urrego.<\/p>\n\n\n\n<p class=\"wp-block-paragraph\">El punto de encuentro fue el emblem\u00e1tico parque principal San Roque, lugar en el cual convergieron gran parte de la ciudadan\u00eda aguachiquense y docentes del municipio alzando su voz de apoyo en los tres meses del actual gobierno nacional, seg\u00fan ellos, un gobierno transformador, equitativo e inclusivo social y pac\u00edfico. <\/p>\n\n\n\n<p class=\"wp-block-paragraph\">De igual forma, en otro punto del municipio, el grupo representativo en Aguachica del partido pol\u00edtico Colombia Humana efectu\u00f3 una caminata desde la carrera 31 con calle quinta hasta el parque principal San Roque con el objetivo tambi\u00e9n de brindar respaldo a los 100 d\u00edas del gobierno nacional.\u00a0<\/p>\n","protected":false},"excerpt":{"rendered":"<p>La tarde de ayer martes 15 de noviembre la junta directiva de la Asociaci\u00f3n de Educadores del Cesar seccional Aguachica realiz\u00f3 un plant\u00f3n pacifico en respaldo a los 100 d\u00edas de la implementaci\u00f3n del gobierno de la paz total, la vida y la democracia del presidente Gustavo Petro Urrego. El punto de encuentro fue el [&hellip;]<\/p>\n","protected":false},"author":3,"featured_media":0,"comment_status":"open","ping_status":"open","sticky":false,"template":"","format":"standard","meta":{"footnotes":""},"categories":[11,17,13],"tags":[],"class_list":["post-1227","post","type-post","status-publish","format-standard","hentry","category-local","category-nacional","category-news"],"_links":{"self":[{"href":"https:\/\/camposerranoradio.com\/home\/wp-json\/wp\/v2\/posts\/1227","targetHints":{"allow":["GET"]}}],"collection":[{"href":"https:\/\/camposerranoradio.com\/home\/wp-json\/wp\/v2\/posts"}],"about":[{"href":"https:\/\/camposerranoradio.com\/home\/wp-json\/wp\/v2\/types\/post"}],"author":[{"embeddable":true,"href":"https:\/\/camposerranoradio.com\/home\/wp-json\/wp\/v2\/users\/3"}],"replies":[{"embeddable":true,"href":"https:\/\/camposerranoradio.com\/home\/wp-json\/wp\/v2\/comments?post=1227"}],"version-history":[{"count":1,"href":"https:\/\/camposerranoradio.com\/home\/wp-json\/wp\/v2\/posts\/1227\/revisions"}],"predecessor-version":[{"id":1229,"href":"https:\/\/camposerranoradio.com\/home\/wp-json\/wp\/v2\/posts\/1227\/revisions\/1229"}],"wp:attachment":[{"href":"https:\/\/camposerranoradio.com\/home\/wp-json\/wp\/v2\/media?parent=1227"}],"wp:term":[{"taxonomy":"category","embeddable":true,"href":"https:\/\/camposerranoradio.com\/home\/wp-json\/wp\/v2\/categories?post=1227"},{"taxonomy":"post_tag","embeddable":true,"href":"https:\/\/camposerranoradio.com\/home\/wp-json\/wp\/v2\/tags?post=1227"}],"curies":[{"name":"wp","href":"https:\/\/api.w.org\/{rel}","templated":true}]}}