{"id":1279,"date":"2022-11-21T12:17:33","date_gmt":"2022-11-21T12:17:33","guid":{"rendered":"https:\/\/camposerranoradio.com\/home\/?p=1279"},"modified":"2022-11-21T12:46:05","modified_gmt":"2022-11-21T12:46:05","slug":"en-un-mes-aproximado-culmina-la-construccion-de-la-avenida-campo-serrano","status":"publish","type":"post","link":"https:\/\/camposerranoradio.com\/home\/2022\/11\/21\/en-un-mes-aproximado-culmina-la-construccion-de-la-avenida-campo-serrano\/","title":{"rendered":"<strong>EN UN MES APROXIMADO CULMINA LA CONSTRUCCI\u00d3N DE LA AVENIDA CAMPO SERRANO<\/strong>"},"content":{"rendered":"\n<p class=\"wp-block-paragraph\">El viernes 18 de noviembre de 2022 habitantes de los barrios \u00c1lvaro Pallares etapa uno y etapa dos sostuvieron a las 10:00 de la ma\u00f1ana un encuentro con personal administrativo del actual gobierno municipal y la nueva empresa contratista de la prolongaci\u00f3n de la avenida Campo Serrano.<\/p>\n\n\n\n<p class=\"wp-block-paragraph\">En la reuni\u00f3n, la nueva contratista dio a conocer la alta posibilidad de finalizaci\u00f3n de la obra para el mes de diciembre; el representante de la nueva contrataci\u00f3n expres\u00f3 que trabajaran mancomunadamente por cuadrillas en diferentes puntos de la avenida si es posible d\u00eda y noche, con el objetivo de entregar la obra a mediados del pr\u00f3ximo mes.<\/p>\n\n\n\n<p class=\"wp-block-paragraph\">La construcci\u00f3n de la avenida en menci\u00f3n estar\u00e1 a cargo en adelante de la empresa constructora Pinto S.A quienes tendr\u00e1n la gran responsabilidad de dar culminaci\u00f3n a la obra que beneficia a la parte suroccidental de Aguachica en el cual convergen aproximadamente m\u00e1s de diez sectores.&nbsp;<\/p>\n\n\n\n<p class=\"wp-block-paragraph\">Inicialmente trabajaran en los puntos \u00e1lgidos como la construcci\u00f3n del box coulver en el asentamiento humano Las Vegas y en el manhol del alcantarillado y aguas residuales de los barrios \u00c1lvaro Pallares etapa uno y dos, importante resaltar que en este punto iniciaron actividades el s\u00e1bado 19 de noviembre y secuencialmente laboraran en la carretera.<\/p>\n\n\n\n<p class=\"wp-block-paragraph\">La construcci\u00f3n de la avenida es obra de la Gobernaci\u00f3n del Cesar Lo hacemos mejor, cuesta seis mil cuatrocientos cuarenta y cinco millones de pesos 6.445.000, de los cuales cuatro mil millones ya fueron destinados por la Gobernaci\u00f3n del Cesar y 2,445.000 millones por la Administraci\u00f3n Municipal. Esta avenida representa una intersecci\u00f3n vial de gran importancia, el tramo a intervenir, conectar\u00e1 la carrera octava con calle novena, hasta la v\u00eda del corregimiento de Puerto Mosquito y sus sectores.<\/p>\n\n\n\n<p class=\"wp-block-paragraph\">La duraci\u00f3n de la obra en el contrato de ejecuci\u00f3n inicial se encontraba establecida por ocho meses, su comienzo fue en diciembre del a\u00f1o 2021 y deb\u00eda ser entregada el dos de agosto pasado, a la fecha, solo lleva un avance cercano al 30%; sin embargo, en agosto se estableci\u00f3 por funcionarios municipales que deb\u00eda a\u00f1adirse al contrato una segunda fecha, es decir, dos meses m\u00e1s. <\/p>\n\n\n\n<p class=\"wp-block-paragraph\">Lo cierto es que, el pasado 18 de noviembre se retomaron las construcciones que tiene esperanzados a las comunidades beneficiarias pues las condiciones reales de la v\u00eda no son favorables. \u00a0<\/p>\n\n\n\n<figure class=\"wp-block-audio\"><audio controls src=\"https:\/\/camposerranoradio.com\/home\/wp-content\/uploads\/2022\/11\/Lids-Moreno-PJAC-Alvaro-Pallares-21-11-22.mp3\"><\/audio><figcaption class=\"wp-element-caption\"><strong>LIDA MORENO PRESIDENTE J.A.C<\/strong> <strong>\u00c1LVARO PALLARES DOS<\/strong><\/figcaption><\/figure>\n\n\n\n<figure class=\"wp-block-gallery has-nested-images columns-default is-cropped wp-block-gallery-1 is-layout-flex wp-block-gallery-is-layout-flex\">\n<figure class=\"wp-block-image size-large\"><img decoding=\"async\" data-id=\"1280\" src=\"https:\/\/camposerranoradio.com\/home\/wp-content\/uploads\/2022\/11\/EN-UN-MES-APROXIMADO-CULMINA-LA-CONSTRUCCION-DE-LA-AVENIDA-CAMPO-SERRANO1.jpg\" alt=\"\" class=\"wp-image-1280\"\/><\/figure>\n\n\n\n<figure class=\"wp-block-image size-large\"><img decoding=\"async\" data-id=\"1281\" src=\"https:\/\/camposerranoradio.com\/home\/wp-content\/uploads\/2022\/11\/EN-UN-MES-APROXIMADO-CULMINA-LA-CONSTRUCCION-DE-LA-AVENIDA-CAMPO-SERRANO2.jpg\" alt=\"\" class=\"wp-image-1281\"\/><\/figure>\n\n\n\n<figure class=\"wp-block-image size-large\"><img decoding=\"async\" data-id=\"1282\" src=\"https:\/\/camposerranoradio.com\/home\/wp-content\/uploads\/2022\/11\/EN-UN-MES-APROXIMADO-CULMINA-LA-CONSTRUCCION-DE-LA-AVENIDA-CAMPO-SERRANO3.jpg\" alt=\"\" class=\"wp-image-1282\"\/><\/figure>\n<\/figure>\n","protected":false},"excerpt":{"rendered":"<p>El viernes 18 de noviembre de 2022 habitantes de los barrios \u00c1lvaro Pallares etapa uno y etapa dos sostuvieron a las 10:00 de la ma\u00f1ana un encuentro con personal administrativo del actual gobierno municipal y la nueva empresa contratista de la prolongaci\u00f3n de la avenida Campo Serrano. En la reuni\u00f3n, la nueva contratista dio a [&hellip;]<\/p>\n","protected":false},"author":3,"featured_media":0,"comment_status":"open","ping_status":"open","sticky":false,"template":"","format":"standard","meta":{"footnotes":""},"categories":[11,13],"tags":[],"class_list":["post-1279","post","type-post","status-publish","format-standard","hentry","category-local","category-news"],"_links":{"self":[{"href":"https:\/\/camposerranoradio.com\/home\/wp-json\/wp\/v2\/posts\/1279","targetHints":{"allow":["GET"]}}],"collection":[{"href":"https:\/\/camposerranoradio.com\/home\/wp-json\/wp\/v2\/posts"}],"about":[{"href":"https:\/\/camposerranoradio.com\/home\/wp-json\/wp\/v2\/types\/post"}],"author":[{"embeddable":true,"href":"https:\/\/camposerranoradio.com\/home\/wp-json\/wp\/v2\/users\/3"}],"replies":[{"embeddable":true,"href":"https:\/\/camposerranoradio.com\/home\/wp-json\/wp\/v2\/comments?post=1279"}],"version-history":[{"count":2,"href":"https:\/\/camposerranoradio.com\/home\/wp-json\/wp\/v2\/posts\/1279\/revisions"}],"predecessor-version":[{"id":1295,"href":"https:\/\/camposerranoradio.com\/home\/wp-json\/wp\/v2\/posts\/1279\/revisions\/1295"}],"wp:attachment":[{"href":"https:\/\/camposerranoradio.com\/home\/wp-json\/wp\/v2\/media?parent=1279"}],"wp:term":[{"taxonomy":"category","embeddable":true,"href":"https:\/\/camposerranoradio.com\/home\/wp-json\/wp\/v2\/categories?post=1279"},{"taxonomy":"post_tag","embeddable":true,"href":"https:\/\/camposerranoradio.com\/home\/wp-json\/wp\/v2\/tags?post=1279"}],"curies":[{"name":"wp","href":"https:\/\/api.w.org\/{rel}","templated":true}]}}