{"id":1313,"date":"2022-11-22T12:34:18","date_gmt":"2022-11-22T12:34:18","guid":{"rendered":"https:\/\/camposerranoradio.com\/home\/?p=1313"},"modified":"2022-11-22T12:34:18","modified_gmt":"2022-11-22T12:34:18","slug":"hoy-se-realizara-la-primera-version-de-aguachica-santa-cecilia-fest","status":"publish","type":"post","link":"https:\/\/camposerranoradio.com\/home\/2022\/11\/22\/hoy-se-realizara-la-primera-version-de-aguachica-santa-cecilia-fest\/","title":{"rendered":"<strong>HOY SE REALIZAR\u00c1 LA PRIMERA VERSI\u00d3N DE AGUACHICA \u201cSANTA CECILIA FEST\u201d<\/strong>"},"content":{"rendered":"\n<p class=\"wp-block-paragraph\">Hoy martes 22 de noviembre Aguachica se engalana de m\u00fasica al celebrar la primera versi\u00f3n de \u201cSanta Cecilia Fest\u201d, en conmemoraci\u00f3n a Santa Cecilia patrona de los hombres y mujeres m\u00fasicos y poetas. &nbsp;<\/p>\n\n\n\n<p class=\"wp-block-paragraph\">Esta primera versi\u00f3n iniciar\u00e1 con una santa eucarist\u00eda a las 7:00 de la noche en la parroquia San Roque en honor a los m\u00fasicos aguachiquenses que han fallecido, a su familia y en honor adem\u00e1s de los que viven y que d\u00eda a d\u00eda trabajan en promover y mantener los valores culturales en la regi\u00f3n, posteriormente se continuar\u00e1 con una celebraci\u00f3n art\u00edstica y cultural frente al templo San Roque.<\/p>\n\n\n\n<p class=\"wp-block-paragraph\">La invitaci\u00f3n la extiende monse\u00f1or Juan Carlos Ram\u00edrez y monse\u00f1or Luis Jos\u00e9 Solano a la comunidad en general para que sean part\u00edcipes de presentaciones musicales a cargo de artistas aguachiquenses entre ellos, Alex Vargas, Angella Ramos, Checho Garc\u00eda, Sebasti\u00e1n Vila, Nano Garc\u00eda, entre otros.<\/p>\n","protected":false},"excerpt":{"rendered":"<p>Hoy martes 22 de noviembre Aguachica se engalana de m\u00fasica al celebrar la primera versi\u00f3n de \u201cSanta Cecilia Fest\u201d, en conmemoraci\u00f3n a Santa Cecilia patrona de los hombres y mujeres m\u00fasicos y poetas. &nbsp; Esta primera versi\u00f3n iniciar\u00e1 con una santa eucarist\u00eda a las 7:00 de la noche en la parroquia San Roque en honor [&hellip;]<\/p>\n","protected":false},"author":3,"featured_media":0,"comment_status":"open","ping_status":"open","sticky":false,"template":"","format":"standard","meta":{"footnotes":""},"categories":[11,13],"tags":[],"class_list":["post-1313","post","type-post","status-publish","format-standard","hentry","category-local","category-news"],"_links":{"self":[{"href":"https:\/\/camposerranoradio.com\/home\/wp-json\/wp\/v2\/posts\/1313","targetHints":{"allow":["GET"]}}],"collection":[{"href":"https:\/\/camposerranoradio.com\/home\/wp-json\/wp\/v2\/posts"}],"about":[{"href":"https:\/\/camposerranoradio.com\/home\/wp-json\/wp\/v2\/types\/post"}],"author":[{"embeddable":true,"href":"https:\/\/camposerranoradio.com\/home\/wp-json\/wp\/v2\/users\/3"}],"replies":[{"embeddable":true,"href":"https:\/\/camposerranoradio.com\/home\/wp-json\/wp\/v2\/comments?post=1313"}],"version-history":[{"count":1,"href":"https:\/\/camposerranoradio.com\/home\/wp-json\/wp\/v2\/posts\/1313\/revisions"}],"predecessor-version":[{"id":1316,"href":"https:\/\/camposerranoradio.com\/home\/wp-json\/wp\/v2\/posts\/1313\/revisions\/1316"}],"wp:attachment":[{"href":"https:\/\/camposerranoradio.com\/home\/wp-json\/wp\/v2\/media?parent=1313"}],"wp:term":[{"taxonomy":"category","embeddable":true,"href":"https:\/\/camposerranoradio.com\/home\/wp-json\/wp\/v2\/categories?post=1313"},{"taxonomy":"post_tag","embeddable":true,"href":"https:\/\/camposerranoradio.com\/home\/wp-json\/wp\/v2\/tags?post=1313"}],"curies":[{"name":"wp","href":"https:\/\/api.w.org\/{rel}","templated":true}]}}