{"id":1366,"date":"2022-11-28T12:21:46","date_gmt":"2022-11-28T12:21:46","guid":{"rendered":"https:\/\/camposerranoradio.com\/home\/?p=1366"},"modified":"2022-11-28T12:21:46","modified_gmt":"2022-11-28T12:21:46","slug":"personera-municipal-de-aguachica-fue-declarada-bajo-nulidad-en-el-cargo","status":"publish","type":"post","link":"https:\/\/camposerranoradio.com\/home\/2022\/11\/28\/personera-municipal-de-aguachica-fue-declarada-bajo-nulidad-en-el-cargo\/","title":{"rendered":"<strong>PERSONERA MUNICIPAL DE AGUACHICA FUE DECLARADA BAJO NULIDAD EN EL CARGO<\/strong>"},"content":{"rendered":"\n<p class=\"wp-block-paragraph\">El 24 de noviembre de 2022 el Consejo de Estado, secci\u00f3n quinta de la Sala de lo Contencioso Administrativo declar\u00f3 a Johana Cabiedes Pab\u00f3n quien figur\u00f3 como personera del municipio de Aguachica como profesional no apta para el ejercicio del cargo local, pues seg\u00fan, la elecci\u00f3n del cargo en el cual result\u00f3 elegida como funcionaria p\u00fablica local no cumple con los par\u00e1metros legales.<\/p>\n\n\n\n<p class=\"wp-block-paragraph\">La nulidad del cargo se hizo posible seg\u00fan el consejo de Estado luego de las demandas proferidas por los ciudadanos independientes y abogados de profesi\u00f3n, Carlos Humberto Uribe Sandoval, Freddy Jos\u00e9 Mart\u00ednez Jim\u00e9nez y Octavio Jos\u00e9 Guerra espinosa quienes demandaron la elecci\u00f3n del cargo de la funcionaria por supuestamente haber inhabilidad en la intervenci\u00f3n en la celebraci\u00f3n de contratos, inhabilidades establecidas en la Ley 136 de 1994 en su art\u00edculo 174.<\/p>\n\n\n\n<p class=\"wp-block-paragraph\">Por lo anterior, Cabiedes Pab\u00f3n qued\u00f3 inhabilitada de manera inmediata en el ejercicio de su cargo como servidora del Ministerio P\u00fablico municipal en su ejercicio protector de los derechos humanos, del inter\u00e9s p\u00fablico y del control administrativo tras seg\u00fan los demandantes, haber intervenido en la celebraci\u00f3n del contrato desarrollado el concejo Municipal de su elecci\u00f3n, el 13 de diciembre del a\u00f1o 2019, lo cual le imped\u00eda participar en el proceso de elecci\u00f3n de personero municipal que desarrollo y en la que ocho concejales de la coalici\u00f3n \u00abEquipo Progreso\u00bb avalaron votos positivos el 13 de noviembre del a\u00f1o 2020.<\/p>\n","protected":false},"excerpt":{"rendered":"<p>El 24 de noviembre de 2022 el Consejo de Estado, secci\u00f3n quinta de la Sala de lo Contencioso Administrativo declar\u00f3 a Johana Cabiedes Pab\u00f3n quien figur\u00f3 como personera del municipio de Aguachica como profesional no apta para el ejercicio del cargo local, pues seg\u00fan, la elecci\u00f3n del cargo en el cual result\u00f3 elegida como funcionaria [&hellip;]<\/p>\n","protected":false},"author":3,"featured_media":0,"comment_status":"open","ping_status":"open","sticky":false,"template":"","format":"standard","meta":{"footnotes":""},"categories":[11,13],"tags":[],"class_list":["post-1366","post","type-post","status-publish","format-standard","hentry","category-local","category-news"],"_links":{"self":[{"href":"https:\/\/camposerranoradio.com\/home\/wp-json\/wp\/v2\/posts\/1366","targetHints":{"allow":["GET"]}}],"collection":[{"href":"https:\/\/camposerranoradio.com\/home\/wp-json\/wp\/v2\/posts"}],"about":[{"href":"https:\/\/camposerranoradio.com\/home\/wp-json\/wp\/v2\/types\/post"}],"author":[{"embeddable":true,"href":"https:\/\/camposerranoradio.com\/home\/wp-json\/wp\/v2\/users\/3"}],"replies":[{"embeddable":true,"href":"https:\/\/camposerranoradio.com\/home\/wp-json\/wp\/v2\/comments?post=1366"}],"version-history":[{"count":1,"href":"https:\/\/camposerranoradio.com\/home\/wp-json\/wp\/v2\/posts\/1366\/revisions"}],"predecessor-version":[{"id":1368,"href":"https:\/\/camposerranoradio.com\/home\/wp-json\/wp\/v2\/posts\/1366\/revisions\/1368"}],"wp:attachment":[{"href":"https:\/\/camposerranoradio.com\/home\/wp-json\/wp\/v2\/media?parent=1366"}],"wp:term":[{"taxonomy":"category","embeddable":true,"href":"https:\/\/camposerranoradio.com\/home\/wp-json\/wp\/v2\/categories?post=1366"},{"taxonomy":"post_tag","embeddable":true,"href":"https:\/\/camposerranoradio.com\/home\/wp-json\/wp\/v2\/tags?post=1366"}],"curies":[{"name":"wp","href":"https:\/\/api.w.org\/{rel}","templated":true}]}}