{"id":1374,"date":"2022-11-28T12:38:47","date_gmt":"2022-11-28T12:38:47","guid":{"rendered":"https:\/\/camposerranoradio.com\/home\/?p=1374"},"modified":"2022-11-28T12:38:48","modified_gmt":"2022-11-28T12:38:48","slug":"madres-comunitarias-realizaron-planton-por-incertidumbre-en-la-contratacion-2023","status":"publish","type":"post","link":"https:\/\/camposerranoradio.com\/home\/2022\/11\/28\/madres-comunitarias-realizaron-planton-por-incertidumbre-en-la-contratacion-2023\/","title":{"rendered":"<strong>MADRES COMUNITARIAS REALIZARON PLANT\u00d3N POR INCERTIDUMBRE EN LA CONTRATACI\u00d3N 2023<\/strong>"},"content":{"rendered":"\n<p class=\"wp-block-paragraph\">El viernes 25 de noviembre en horas de la tarde un grupo significativo de madres comunitarias de Aguachica realizaron un plant\u00f3n en las instalaciones del Instituto Colombiano de Bienestar Familiar zonal Aguachica. Manifestaci\u00f3n pac\u00edfica social con el fin de exigir respuesta a la problem\u00e1tica surgida a ra\u00edz de la inexistencia del esquema de contrataci\u00f3n, el cual obedece al a\u00f1o 2023.<\/p>\n\n\n\n<p class=\"wp-block-paragraph\">Las madres comunitarias hacen parte de las asociaciones Sintraifa ICBF, Mar\u00eda Eugenia, Noream y sector Norte quienes con carteles en manos ped\u00edan la no vulneraci\u00f3n de los derechos de los ni\u00f1os y ni\u00f1as beneficiarios de las diferentes asociaciones del municipio.<\/p>\n\n\n\n<p class=\"wp-block-paragraph\">Seg\u00fan las manifestantes a la fecha no ha llegado la contrataci\u00f3n para el a\u00f1o entrante lo que deja en incertidumbre la labor que ellas ejercen de cuidar y educar a los infantes.<\/p>\n","protected":false},"excerpt":{"rendered":"<p>El viernes 25 de noviembre en horas de la tarde un grupo significativo de madres comunitarias de Aguachica realizaron un plant\u00f3n en las instalaciones del Instituto Colombiano de Bienestar Familiar zonal Aguachica. Manifestaci\u00f3n pac\u00edfica social con el fin de exigir respuesta a la problem\u00e1tica surgida a ra\u00edz de la inexistencia del esquema de contrataci\u00f3n, el [&hellip;]<\/p>\n","protected":false},"author":3,"featured_media":0,"comment_status":"open","ping_status":"open","sticky":false,"template":"","format":"standard","meta":{"footnotes":""},"categories":[11,13],"tags":[],"class_list":["post-1374","post","type-post","status-publish","format-standard","hentry","category-local","category-news"],"_links":{"self":[{"href":"https:\/\/camposerranoradio.com\/home\/wp-json\/wp\/v2\/posts\/1374","targetHints":{"allow":["GET"]}}],"collection":[{"href":"https:\/\/camposerranoradio.com\/home\/wp-json\/wp\/v2\/posts"}],"about":[{"href":"https:\/\/camposerranoradio.com\/home\/wp-json\/wp\/v2\/types\/post"}],"author":[{"embeddable":true,"href":"https:\/\/camposerranoradio.com\/home\/wp-json\/wp\/v2\/users\/3"}],"replies":[{"embeddable":true,"href":"https:\/\/camposerranoradio.com\/home\/wp-json\/wp\/v2\/comments?post=1374"}],"version-history":[{"count":1,"href":"https:\/\/camposerranoradio.com\/home\/wp-json\/wp\/v2\/posts\/1374\/revisions"}],"predecessor-version":[{"id":1376,"href":"https:\/\/camposerranoradio.com\/home\/wp-json\/wp\/v2\/posts\/1374\/revisions\/1376"}],"wp:attachment":[{"href":"https:\/\/camposerranoradio.com\/home\/wp-json\/wp\/v2\/media?parent=1374"}],"wp:term":[{"taxonomy":"category","embeddable":true,"href":"https:\/\/camposerranoradio.com\/home\/wp-json\/wp\/v2\/categories?post=1374"},{"taxonomy":"post_tag","embeddable":true,"href":"https:\/\/camposerranoradio.com\/home\/wp-json\/wp\/v2\/tags?post=1374"}],"curies":[{"name":"wp","href":"https:\/\/api.w.org\/{rel}","templated":true}]}}