{"id":1449,"date":"2022-12-12T12:38:47","date_gmt":"2022-12-12T12:38:47","guid":{"rendered":"https:\/\/camposerranoradio.com\/home\/?p=1449"},"modified":"2022-12-12T12:38:48","modified_gmt":"2022-12-12T12:38:48","slug":"al-son-de-instrumentos-de-aliento-y-percusion-se-celebro-el-sexto-festival-de-bandas-tradicionales-de-viento-en-aguachica","status":"publish","type":"post","link":"https:\/\/camposerranoradio.com\/home\/2022\/12\/12\/al-son-de-instrumentos-de-aliento-y-percusion-se-celebro-el-sexto-festival-de-bandas-tradicionales-de-viento-en-aguachica\/","title":{"rendered":"<strong>AL SON DE INSTRUMENTOS DE ALIENTO Y PERCUSI\u00d3N SE CELEBR\u00d3 EL SEXTO FESTIVAL DE BANDAS TRADICIONALES DE VIENTO EN AGUACHICA<\/strong>"},"content":{"rendered":"\n<p class=\"wp-block-paragraph\">Con una excelente programaci\u00f3n a ritmo de m\u00fasica de viento se desarroll\u00f3 en Aguachica durante el fin de semana pasado el sexto Festival de Bandas Tradicionales de Viento, evento en el cual seis diferentes bandas a nivel nacional dieron cita en el parque San Roque para fascinar con impecables puestas en escenas al p\u00fablico en general.<\/p>\n\n\n\n<p class=\"wp-block-paragraph\">Los expectantes gozaron al son de mel\u00f3dicos sonidos instrumentales de aliento y percusi\u00f3n durante el viernes nueve, s\u00e1bado diez y domingo once de diciembre de 2022, cl\u00e1sicas entonaciones al comp\u00e1s de tuba, saxof\u00f3n, clarinetes, platillos ritmos alusivos a la cultura tradicional, brindando a los o\u00eddos de quienes acompa\u00f1aron tan admirables presentaciones musicales un sinn\u00famero de expresiones y recuerdos t\u00edpicos de la cultura ancestral de Colombia. &nbsp;<\/p>\n\n\n\n<p class=\"wp-block-paragraph\">Las bandas participantes de esta sexta entrega de cultura tradicional en homenaje p\u00f3stumo al maestro Pedro Jos\u00e9 Salda\u00f1a, m\u00fasico ilustre de la expirada e ic\u00f3nica Banda 16 de Agosto fueron:<\/p>\n\n\n\n<ul class=\"wp-block-list\">\n<li>Gran Banda La Valerosa de Mompox, Bol\u00edvar<\/li>\n\n\n\n<li>Banda \u00c1ngeles So\u00f1adores de La Subida de Lorica, C\u00f3rdoba<\/li>\n\n\n\n<li>Banda Fiestera de Subachoque, Cundinamarca<\/li>\n\n\n\n<li>Banda Tradicional Fiestera de Bojac\u00e1, Cundinamarca &nbsp;<\/li>\n\n\n\n<li>Banda 16 de julio del Carmen, Norte de Santander<\/li>\n\n\n\n<li>Banda 1ro de Agosto de R\u00edo de Oro, Cesar<\/li>\n<\/ul>\n\n\n\n<p class=\"wp-block-paragraph\">El maestro Juli\u00e1n Vargas Salda\u00f1a autor de la emblem\u00e1tica canci\u00f3n de porro -Fiesta en mi Pueblo- resalt\u00f3 la importancia que tiene celebrar el festival de bandas en este municipio, evento que resalta y rescata desde el a\u00f1o 2016 las tradiciones de la cultura musical de viento en Aguachica, as\u00ed mismo extendi\u00f3 la invitaci\u00f3n a mantener anualmente en adelante la celebraci\u00f3n del festival de bandas a las administraciones venideras.<\/p>\n\n\n\n<p class=\"wp-block-paragraph\">Finalmente, al son de redobles fueron expuestas p\u00fablicamente las bandas ganadoras en este sexto festival quedando de la siguiente manera:<\/p>\n\n\n\n<ul class=\"wp-block-list\">\n<li>Tercer puesto para, la Banda Fiestera de Subachoque, Cundinamarca ganadora de cinco millones de pesos por puntualidad y puesta en escena.<\/li>\n\n\n\n<li>Segundo puesto para, la Banda \u00c1ngeles So\u00f1adores de La Subida de Lorica, C\u00f3rdoba ganadora de siete millones de pesos por capacidad musical grupal, originalidad y sonoridad.<\/li>\n\n\n\n<li>Primer puesto para la Gran Banda La Valerosa de Mompox, Bol\u00edvar ganadora de diez millones de pesos por seguridad grupal.<\/li>\n<\/ul>\n\n\n\n<p class=\"wp-block-paragraph\">El premio para el mejor clarinetista fue para la Banda 1ro de Agosto de R\u00edo de Oro, Cesar, y Mejor obra libre para la Banda \u00c1ngeles So\u00f1adores de Lorica, C\u00f3rdoba. Finalmente, cabe resaltar que en el sexto festival de bandas hubo presentaciones a cargo del Grupo Folcl\u00f3rico Buturama, Renacer Morrocoyero y el Grupo Folcl\u00f3rico Kitchue.<\/p>\n\n\n\n<figure class=\"wp-block-audio\"><audio controls src=\"https:\/\/camposerranoradio.com\/home\/wp-content\/uploads\/2022\/12\/Julian-Saldana-Sexto-Festival-de-Bandas-Tradicionales-de-Viento-12-12-22.mp3\"><\/audio><figcaption class=\"wp-element-caption\"><strong>MAESTRO JULI\u00c1N VARGAS SALDA\u00d1A<\/strong><\/figcaption><\/figure>\n\n\n\n<figure class=\"wp-block-audio\"><audio controls src=\"https:\/\/camposerranoradio.com\/home\/wp-content\/uploads\/2022\/12\/Yesid-Ortega-director-banda-16-de-julio-del-Carmen-N-de-S-12-12-22.mp3\"><\/audio><figcaption class=\"wp-element-caption\"><strong>YESID ORTEGA DIRECTOR BANDA 16 DE JULIO DEL CARMEN<\/strong><\/figcaption><\/figure>\n\n\n\n<figure class=\"wp-block-gallery has-nested-images columns-default is-cropped wp-block-gallery-1 is-layout-flex wp-block-gallery-is-layout-flex\">\n<figure class=\"wp-block-image size-large\"><img decoding=\"async\" data-id=\"1456\" src=\"https:\/\/camposerranoradio.com\/home\/wp-content\/uploads\/2022\/12\/AL-SON-DE-INSTRUMENTOS-DE-ALIENTO-Y-PERCUSION-SE-CELEBRO-EL-SEXTO-FESTIVAL-DE-BANDAS-TRADICIONALES-DE-VIENTO-EN-AGUACHICA-2.jpg\" alt=\"\" class=\"wp-image-1456\"\/><\/figure>\n\n\n\n<figure class=\"wp-block-image size-large\"><img decoding=\"async\" data-id=\"1452\" src=\"https:\/\/camposerranoradio.com\/home\/wp-content\/uploads\/2022\/12\/AL-SON-DE-INSTRUMENTOS-DE-ALIENTO-Y-PERCUSION-SE-CELEBRO-EL-SEXTO-FESTIVAL-DE-BANDAS-TRADICIONALES-DE-VIENTO-EN-AGUACHICA-1.jpg\" alt=\"\" class=\"wp-image-1452\"\/><\/figure>\n\n\n\n<figure class=\"wp-block-image size-large\"><img decoding=\"async\" data-id=\"1455\" src=\"https:\/\/camposerranoradio.com\/home\/wp-content\/uploads\/2022\/12\/AL-SON-DE-INSTRUMENTOS-DE-ALIENTO-Y-PERCUSION-SE-CELEBRO-EL-SEXTO-FESTIVAL-DE-BANDAS-TRADICIONALES-DE-VIENTO-EN-AGUACHICA-3.jpg\" alt=\"\" class=\"wp-image-1455\"\/><\/figure>\n\n\n\n<figure class=\"wp-block-image size-large\"><img decoding=\"async\" data-id=\"1454\" src=\"https:\/\/camposerranoradio.com\/home\/wp-content\/uploads\/2022\/12\/AL-SON-DE-INSTRUMENTOS-DE-ALIENTO-Y-PERCUSION-SE-CELEBRO-EL-SEXTO-FESTIVAL-DE-BANDAS-TRADICIONALES-DE-VIENTO-EN-AGUACHICA-4.jpg\" alt=\"\" class=\"wp-image-1454\"\/><\/figure>\n\n\n\n<figure class=\"wp-block-image size-large\"><img decoding=\"async\" data-id=\"1453\" src=\"https:\/\/camposerranoradio.com\/home\/wp-content\/uploads\/2022\/12\/AL-SON-DE-INSTRUMENTOS-DE-ALIENTO-Y-PERCUSION-SE-CELEBRO-EL-SEXTO-FESTIVAL-DE-BANDAS-TRADICIONALES-DE-VIENTO-EN-AGUACHICA-5.jpg\" alt=\"\" class=\"wp-image-1453\"\/><\/figure>\n<\/figure>\n","protected":false},"excerpt":{"rendered":"<p>Con una excelente programaci\u00f3n a ritmo de m\u00fasica de viento se desarroll\u00f3 en Aguachica durante el fin de semana pasado el sexto Festival de Bandas Tradicionales de Viento, evento en el cual seis diferentes bandas a nivel nacional dieron cita en el parque San Roque para fascinar con impecables puestas en escenas al p\u00fablico en [&hellip;]<\/p>\n","protected":false},"author":3,"featured_media":0,"comment_status":"open","ping_status":"open","sticky":false,"template":"","format":"standard","meta":{"footnotes":""},"categories":[11,13],"tags":[],"class_list":["post-1449","post","type-post","status-publish","format-standard","hentry","category-local","category-news"],"_links":{"self":[{"href":"https:\/\/camposerranoradio.com\/home\/wp-json\/wp\/v2\/posts\/1449","targetHints":{"allow":["GET"]}}],"collection":[{"href":"https:\/\/camposerranoradio.com\/home\/wp-json\/wp\/v2\/posts"}],"about":[{"href":"https:\/\/camposerranoradio.com\/home\/wp-json\/wp\/v2\/types\/post"}],"author":[{"embeddable":true,"href":"https:\/\/camposerranoradio.com\/home\/wp-json\/wp\/v2\/users\/3"}],"replies":[{"embeddable":true,"href":"https:\/\/camposerranoradio.com\/home\/wp-json\/wp\/v2\/comments?post=1449"}],"version-history":[{"count":1,"href":"https:\/\/camposerranoradio.com\/home\/wp-json\/wp\/v2\/posts\/1449\/revisions"}],"predecessor-version":[{"id":1457,"href":"https:\/\/camposerranoradio.com\/home\/wp-json\/wp\/v2\/posts\/1449\/revisions\/1457"}],"wp:attachment":[{"href":"https:\/\/camposerranoradio.com\/home\/wp-json\/wp\/v2\/media?parent=1449"}],"wp:term":[{"taxonomy":"category","embeddable":true,"href":"https:\/\/camposerranoradio.com\/home\/wp-json\/wp\/v2\/categories?post=1449"},{"taxonomy":"post_tag","embeddable":true,"href":"https:\/\/camposerranoradio.com\/home\/wp-json\/wp\/v2\/tags?post=1449"}],"curies":[{"name":"wp","href":"https:\/\/api.w.org\/{rel}","templated":true}]}}