{"id":1518,"date":"2022-12-26T12:30:42","date_gmt":"2022-12-26T12:30:42","guid":{"rendered":"https:\/\/camposerranoradio.com\/home\/?p=1518"},"modified":"2022-12-26T12:30:44","modified_gmt":"2022-12-26T12:30:44","slug":"una-pareja-fallecio-en-tragico-accidente-vial-el-viernes-23-de-diciembre","status":"publish","type":"post","link":"https:\/\/camposerranoradio.com\/home\/2022\/12\/26\/una-pareja-fallecio-en-tragico-accidente-vial-el-viernes-23-de-diciembre\/","title":{"rendered":"<strong>UNA PAREJA FALLECI\u00d3 EN TR\u00c1GICO ACCIDENTE VIAL, EL VIERNES 23 DE DICIEMBRE<\/strong>"},"content":{"rendered":"\n<p class=\"wp-block-paragraph\">La ma\u00f1ana del viernes 23 de diciembre, en carreteras de Norte de Santander, direcci\u00f3n al sur del Cesar, una desgarradora escena qued\u00f3 registrada en v\u00eddeos que a\u00fan circulan por redes sociales, en el cual, dos personas perdieron la vida producto de un lamentable siniestro vial, accidente que impact\u00f3 hasta instancias nacionales.<\/p>\n\n\n\n<p class=\"wp-block-paragraph\">Seg\u00fan el relato de una persona que conduc\u00eda tras el tracto mula averiada por fallas mec\u00e1nicas que transportaba carb\u00f3n mineral, el veh\u00edculo qued\u00f3 sin frenos mientras era conducido por el se\u00f1or Germ\u00e1n Antonio Arango Reyes, quien result\u00f3 gravemente herido y se encuentra en un centro asistencial de Aguachica recibiendo atenci\u00f3n m\u00e9dica con pron\u00f3stico reservado.<\/p>\n\n\n\n<p class=\"wp-block-paragraph\">La gran velocidad que tom\u00f3 la tracto mula provoc\u00f3 el tr\u00e1gico accidente de tr\u00e1nsito, el cual dej\u00f3 la perdida humana del ciudadano Feliz S\u00e1nchez Contreras junto a su esposa, la se\u00f1ora Luz Marina Cano Hern\u00e1ndez en el sitio conocido como El Caracol\u00ed, kilometro ocho, quienes se transportaban hacia Oca\u00f1a en un carro tipo furg\u00f3n que llevaba en su interior alimentos no perecederos. El impacto fue tan fuerte que la perdida material de los automotores fue irreparable en su totalidad. &nbsp;<\/p>\n\n\n\n<p class=\"wp-block-paragraph\">La emergencia fue atendida por personal perteneciente al Cuerpo de Bomberos de Aguachica, quienes llegaron al lugar a socorrer a las v\u00edctimas, sin embargo, la pareja debido a las heridas falleci\u00f3 mientras que el se\u00f1or Germ\u00e1n Antonio Arango fue rescatado con vida.<\/p>\n\n\n\n<p class=\"wp-block-paragraph\">De igual manera en la v\u00eda que conduce de Aguachica al vecino municipio de San Mart\u00edn, un ciudadano perdi\u00f3 la vida luego de chocar contra un muro de cemento en la v\u00eda, en cercan\u00edas a la vereda Los Columpios. El hecho se registr\u00f3 el 23 de diciembre en horas de la ma\u00f1ana seg\u00fan informaciones a causa de la alta velocidad del veh\u00edculo motorizado.<\/p>\n\n\n\n<figure class=\"wp-block-gallery has-nested-images columns-default is-cropped wp-block-gallery-1 is-layout-flex wp-block-gallery-is-layout-flex\">\n<figure class=\"wp-block-image size-large\"><img decoding=\"async\" data-id=\"1519\" src=\"https:\/\/camposerranoradio.com\/home\/wp-content\/uploads\/2022\/12\/UNA-PAREJA-FALLECIO-EN-TRAGICO-ACCIDENTE-VIAL-EL-VIERNES-23-DE-DICIEMBRE-2.jpg\" alt=\"\" class=\"wp-image-1519\"\/><\/figure>\n\n\n\n<figure class=\"wp-block-image size-large\"><img decoding=\"async\" data-id=\"1520\" src=\"https:\/\/camposerranoradio.com\/home\/wp-content\/uploads\/2022\/12\/UNA-PAREJA-FALLECIO-EN-TRAGICO-ACCIDENTE-VIAL-EL-VIERNES-23-DE-DICIEMBRE.jpg\" alt=\"\" class=\"wp-image-1520\"\/><\/figure>\n\n\n\n<figure class=\"wp-block-image size-large\"><img decoding=\"async\" data-id=\"1521\" src=\"https:\/\/camposerranoradio.com\/home\/wp-content\/uploads\/2022\/12\/UNA-PAREJA-FALLECIO-EN-TRAGICO-ACCIDENTE-VIAL-EL-VIERNES-23-DE-DICIEMBRE-3.jpg\" alt=\"\" class=\"wp-image-1521\"\/><\/figure>\n<\/figure>\n","protected":false},"excerpt":{"rendered":"<p>La ma\u00f1ana del viernes 23 de diciembre, en carreteras de Norte de Santander, direcci\u00f3n al sur del Cesar, una desgarradora escena qued\u00f3 registrada en v\u00eddeos que a\u00fan circulan por redes sociales, en el cual, dos personas perdieron la vida producto de un lamentable siniestro vial, accidente que impact\u00f3 hasta instancias nacionales. Seg\u00fan el relato de [&hellip;]<\/p>\n","protected":false},"author":3,"featured_media":0,"comment_status":"open","ping_status":"open","sticky":false,"template":"","format":"standard","meta":{"footnotes":""},"categories":[11,13,5],"tags":[],"class_list":["post-1518","post","type-post","status-publish","format-standard","hentry","category-local","category-news","category-regional"],"_links":{"self":[{"href":"https:\/\/camposerranoradio.com\/home\/wp-json\/wp\/v2\/posts\/1518","targetHints":{"allow":["GET"]}}],"collection":[{"href":"https:\/\/camposerranoradio.com\/home\/wp-json\/wp\/v2\/posts"}],"about":[{"href":"https:\/\/camposerranoradio.com\/home\/wp-json\/wp\/v2\/types\/post"}],"author":[{"embeddable":true,"href":"https:\/\/camposerranoradio.com\/home\/wp-json\/wp\/v2\/users\/3"}],"replies":[{"embeddable":true,"href":"https:\/\/camposerranoradio.com\/home\/wp-json\/wp\/v2\/comments?post=1518"}],"version-history":[{"count":1,"href":"https:\/\/camposerranoradio.com\/home\/wp-json\/wp\/v2\/posts\/1518\/revisions"}],"predecessor-version":[{"id":1522,"href":"https:\/\/camposerranoradio.com\/home\/wp-json\/wp\/v2\/posts\/1518\/revisions\/1522"}],"wp:attachment":[{"href":"https:\/\/camposerranoradio.com\/home\/wp-json\/wp\/v2\/media?parent=1518"}],"wp:term":[{"taxonomy":"category","embeddable":true,"href":"https:\/\/camposerranoradio.com\/home\/wp-json\/wp\/v2\/categories?post=1518"},{"taxonomy":"post_tag","embeddable":true,"href":"https:\/\/camposerranoradio.com\/home\/wp-json\/wp\/v2\/tags?post=1518"}],"curies":[{"name":"wp","href":"https:\/\/api.w.org\/{rel}","templated":true}]}}