{"id":1523,"date":"2022-12-26T12:42:54","date_gmt":"2022-12-26T12:42:54","guid":{"rendered":"https:\/\/camposerranoradio.com\/home\/?p=1523"},"modified":"2022-12-26T12:42:55","modified_gmt":"2022-12-26T12:42:55","slug":"cinco-quemados-por-polvora-en-aguachica","status":"publish","type":"post","link":"https:\/\/camposerranoradio.com\/home\/2022\/12\/26\/cinco-quemados-por-polvora-en-aguachica\/","title":{"rendered":"<strong>CINCO QUEMADOS POR P\u00d3LVORA EN AGUACHICA<\/strong>"},"content":{"rendered":"\n<p class=\"wp-block-paragraph\">La lista de quemados hasta ayer 25 de diciembre de 2022, lleg\u00f3 a cinco, seg\u00fan el reporte oficial del departamento de salud de Aguachica, entre el qu\u00edmico m\u00e1s utilizado causante de las quemaduras, se encuentra el uso del explosivo conocido como p\u00f3lvora.<\/p>\n\n\n\n<p class=\"wp-block-paragraph\">El reporte durante el fin de semana pasado, indica que la quinta persona quemada es una femenina en etapa de gestaci\u00f3n, de 24 a\u00f1os, quien presenta quemadura de segundo grado en una de sus piernas; la cuarta v\u00edctima es una persona adulta de sexo femenino de 42 a\u00f1os, quien result\u00f3 con fuertes quemaduras llevando a la amputaci\u00f3n de dos dedos en una de sus manos.<\/p>\n\n\n\n<p class=\"wp-block-paragraph\">La tercera v\u00edctima es una persona adulta de sexo masculino, de 34 a\u00f1os, la cual presenta quemaduras por manipulaci\u00f3n y transporte de p\u00f3lvora; la segunda v\u00edctima es un menor de edad, de 17 a\u00f1os, v\u00edctima de manipulaci\u00f3n y transporte de p\u00f3lvora y el primer lesionado por uso inadecuado de p\u00f3lvora se registr\u00f3 el pasado martes 13 de diciembre, un adulto, de 28 a\u00f1os, quien present\u00f3 quemaduras en la mano derecha por manipulaci\u00f3n de p\u00f3lvora tipo volador.<\/p>\n\n\n\n<p class=\"wp-block-paragraph\">Hasta el d\u00eda de ayer, domingo 25 de diciembre, se hab\u00edan reportado cinco v\u00edctimas de quemaduras por uso inadecuado de la p\u00f3lvora en el municipio de Aguachica, aun cuando existe el Decreto 318 que indica una serie de sanciones ante eventualidades como estas, dicho decreto fue expedido por la Administraci\u00f3n de turno, con el fin de prevenir en esta \u00e9poca decembrina lesiones ocasionadas por este propulsor de fuegos artificiales, decreto que expresa la prohibici\u00f3n de uso, porte, fabricaci\u00f3n, almacenamiento, comercializaci\u00f3n, venta y distribuci\u00f3n de p\u00f3lvora, art\u00edculos pirot\u00e9cnicos o fuegos artificiales en el municipio de Aguachica, lo cual, en caso de afectaciones incurrir\u00e1n en procesos sancionatorios legales.<\/p>\n","protected":false},"excerpt":{"rendered":"<p>La lista de quemados hasta ayer 25 de diciembre de 2022, lleg\u00f3 a cinco, seg\u00fan el reporte oficial del departamento de salud de Aguachica, entre el qu\u00edmico m\u00e1s utilizado causante de las quemaduras, se encuentra el uso del explosivo conocido como p\u00f3lvora. El reporte durante el fin de semana pasado, indica que la quinta persona [&hellip;]<\/p>\n","protected":false},"author":3,"featured_media":0,"comment_status":"open","ping_status":"open","sticky":false,"template":"","format":"standard","meta":{"footnotes":""},"categories":[11,13],"tags":[],"class_list":["post-1523","post","type-post","status-publish","format-standard","hentry","category-local","category-news"],"_links":{"self":[{"href":"https:\/\/camposerranoradio.com\/home\/wp-json\/wp\/v2\/posts\/1523","targetHints":{"allow":["GET"]}}],"collection":[{"href":"https:\/\/camposerranoradio.com\/home\/wp-json\/wp\/v2\/posts"}],"about":[{"href":"https:\/\/camposerranoradio.com\/home\/wp-json\/wp\/v2\/types\/post"}],"author":[{"embeddable":true,"href":"https:\/\/camposerranoradio.com\/home\/wp-json\/wp\/v2\/users\/3"}],"replies":[{"embeddable":true,"href":"https:\/\/camposerranoradio.com\/home\/wp-json\/wp\/v2\/comments?post=1523"}],"version-history":[{"count":1,"href":"https:\/\/camposerranoradio.com\/home\/wp-json\/wp\/v2\/posts\/1523\/revisions"}],"predecessor-version":[{"id":1525,"href":"https:\/\/camposerranoradio.com\/home\/wp-json\/wp\/v2\/posts\/1523\/revisions\/1525"}],"wp:attachment":[{"href":"https:\/\/camposerranoradio.com\/home\/wp-json\/wp\/v2\/media?parent=1523"}],"wp:term":[{"taxonomy":"category","embeddable":true,"href":"https:\/\/camposerranoradio.com\/home\/wp-json\/wp\/v2\/categories?post=1523"},{"taxonomy":"post_tag","embeddable":true,"href":"https:\/\/camposerranoradio.com\/home\/wp-json\/wp\/v2\/tags?post=1523"}],"curies":[{"name":"wp","href":"https:\/\/api.w.org\/{rel}","templated":true}]}}