{"id":1592,"date":"2023-01-11T12:07:35","date_gmt":"2023-01-11T12:07:35","guid":{"rendered":"https:\/\/camposerranoradio.com\/home\/?p=1592"},"modified":"2023-01-11T12:07:36","modified_gmt":"2023-01-11T12:07:36","slug":"aguachica-le-dio-el-ultimo-adios-a-monsenor-luis-gabriel-diaz","status":"publish","type":"post","link":"https:\/\/camposerranoradio.com\/home\/2023\/01\/11\/aguachica-le-dio-el-ultimo-adios-a-monsenor-luis-gabriel-diaz\/","title":{"rendered":"<strong>AGUACHICA LE DIO EL ULTIMO ADI\u00d3S A MONSE\u00d1OR LUIS GABRIEL D\u00cdAZ<\/strong>"},"content":{"rendered":"\n<p class=\"wp-block-paragraph\">Aguachica recibi\u00f3 el d\u00eda de ayer, martes diez de enero a la 1: 30 de la tarde, el cuerpo sin vida del excelent\u00edsimo Monse\u00f1or Luis Gabriel Ram\u00edrez D\u00edaz con el objetivo de brindarle un homenaje p\u00f3stumo en un espacio de oraci\u00f3n, agradecimiento y \u00faltimo adi\u00f3s por los servicios ofrendados en vida hacia este municipio surcesarense.<\/p>\n\n\n\n<p class=\"wp-block-paragraph\">Varios fieles cat\u00f3licos fervorosos, se dieron cita en las instalaciones de la Parroquia San Francisco de As\u00eds en la v\u00eda 40 con globos y camisas blancas como muestras de cari\u00f1o y afecto hacia los restos mortales de Monse\u00f1or, obispo de la di\u00f3cesis de Oca\u00f1a y administrador apost\u00f3lico de la iglesia de El Banco Magdalena quien falleci\u00f3 el pasado domingo ocho de enero en la Cl\u00ednica CES de la ciudad de Medell\u00edn, en la cual estaba internado por fuertes quebrantos de salud.<\/p>\n\n\n\n<p class=\"wp-block-paragraph\">El cuerpo sin vida de Monse\u00f1or Luis Gabriel Ram\u00edrez D\u00edaz lleg\u00f3 el lunes nueve de enero al municipio de Oca\u00f1a, donde estuvo en capilla ardiente, hasta el d\u00eda de ayer martes, posteriormente el f\u00e9retro fue trasladado en caravana hasta la Iglesia Catedral de la Di\u00f3cesis de El Banco Magdalena, por lo cual, en su recorrido hizo parada en este municipio; finalmente, los restos de Monse\u00f1or fueron recibidos en la iglesia parroquial de San Sebasti\u00e1n en el municipio de Margarita, Bol\u00edvar, lugar que lo vio crecer luego de su llegada de su natal Barranquilla y en el cual ser\u00e1 sepultado hoy mi\u00e9rcoles once de enero, cumpliendo el deseo expresado en vida. Paz en la tumba de Monse\u00f1or Luis Gabriel Ram\u00edrez D\u00edaz.<\/p>\n","protected":false},"excerpt":{"rendered":"<p>Aguachica recibi\u00f3 el d\u00eda de ayer, martes diez de enero a la 1: 30 de la tarde, el cuerpo sin vida del excelent\u00edsimo Monse\u00f1or Luis Gabriel Ram\u00edrez D\u00edaz con el objetivo de brindarle un homenaje p\u00f3stumo en un espacio de oraci\u00f3n, agradecimiento y \u00faltimo adi\u00f3s por los servicios ofrendados en vida hacia este municipio surcesarense. [&hellip;]<\/p>\n","protected":false},"author":3,"featured_media":0,"comment_status":"open","ping_status":"open","sticky":false,"template":"","format":"standard","meta":{"footnotes":""},"categories":[13,5],"tags":[],"class_list":["post-1592","post","type-post","status-publish","format-standard","hentry","category-news","category-regional"],"_links":{"self":[{"href":"https:\/\/camposerranoradio.com\/home\/wp-json\/wp\/v2\/posts\/1592","targetHints":{"allow":["GET"]}}],"collection":[{"href":"https:\/\/camposerranoradio.com\/home\/wp-json\/wp\/v2\/posts"}],"about":[{"href":"https:\/\/camposerranoradio.com\/home\/wp-json\/wp\/v2\/types\/post"}],"author":[{"embeddable":true,"href":"https:\/\/camposerranoradio.com\/home\/wp-json\/wp\/v2\/users\/3"}],"replies":[{"embeddable":true,"href":"https:\/\/camposerranoradio.com\/home\/wp-json\/wp\/v2\/comments?post=1592"}],"version-history":[{"count":1,"href":"https:\/\/camposerranoradio.com\/home\/wp-json\/wp\/v2\/posts\/1592\/revisions"}],"predecessor-version":[{"id":1594,"href":"https:\/\/camposerranoradio.com\/home\/wp-json\/wp\/v2\/posts\/1592\/revisions\/1594"}],"wp:attachment":[{"href":"https:\/\/camposerranoradio.com\/home\/wp-json\/wp\/v2\/media?parent=1592"}],"wp:term":[{"taxonomy":"category","embeddable":true,"href":"https:\/\/camposerranoradio.com\/home\/wp-json\/wp\/v2\/categories?post=1592"},{"taxonomy":"post_tag","embeddable":true,"href":"https:\/\/camposerranoradio.com\/home\/wp-json\/wp\/v2\/tags?post=1592"}],"curies":[{"name":"wp","href":"https:\/\/api.w.org\/{rel}","templated":true}]}}