{"id":1632,"date":"2023-01-17T12:09:58","date_gmt":"2023-01-17T12:09:58","guid":{"rendered":"https:\/\/camposerranoradio.com\/home\/?p=1632"},"modified":"2023-01-17T12:09:58","modified_gmt":"2023-01-17T12:09:58","slug":"aguachiquense-fue-nombrado-como-presidente-nacional-de-juventudes","status":"publish","type":"post","link":"https:\/\/camposerranoradio.com\/home\/2023\/01\/17\/aguachiquense-fue-nombrado-como-presidente-nacional-de-juventudes\/","title":{"rendered":"<strong>AGUACHIQUENSE FUE NOMBRADO COMO PRESIDENTE NACIONAL DE JUVENTUDES<\/strong>"},"content":{"rendered":"\n<p class=\"wp-block-paragraph\">Marcos G\u00f3mez Calder\u00f3n, de 32 a\u00f1os, oriundo del municipio de Aguachica, fue nombrado el pasado doce de enero, en la ciudad de Bogot\u00e1 como presidente de la Organizaci\u00f3n de las Nuevas Generaciones para el periodo 2023, por sus cualidades y trayectoria que ha desarrollado en temas de juventudes a nivel nacional.<\/p>\n\n\n\n<p class=\"wp-block-paragraph\">Marcos G\u00f3mez Calder\u00f3n es egresado de la Instituci\u00f3n Educativa T\u00e9cnica Jos\u00e9 Mar\u00eda Campo Serrano en la promoci\u00f3n del a\u00f1o 2006, economista de la Universidad de la Salle, Magister en Gobierno y Pol\u00edticas P\u00fablicas de la Universidad Externado de Colombia, actualmente es docente e investigador de la Universidad Cat\u00f3lica de Colombia en la facultad de econom\u00eda, desempe\u00f1a adem\u00e1s servicios profesionales de consultor\u00eda a empresas de orden nacional en temas econ\u00f3micos y financieros.<\/p>\n\n\n\n<p class=\"wp-block-paragraph\">Es miembro del directorio nacional del Partido Conservador Colombiano el cual le dio el nombramiento en menci\u00f3n, dentro de sus funciones se encuentra acompa\u00f1ar todos aquellos procesos en t\u00e9rminos de pol\u00edtica p\u00fablica de juventudes en \u00e1mbitos culturales, econ\u00f3micos, social, entre otros, presentar proyectos de ley en representaci\u00f3n de las juventudes, ayudar en la tramitaci\u00f3n de ayuda t\u00e9cnica a los municipios, principalmente en el departamento del Cesar, en el cual Aguachica ser\u00e1 gran beneficiario social. G\u00f3mez Calder\u00f3n tendr\u00e1 en delante la responsabilidad de seguir impulsando desde Bogot\u00e1, lugar en el cual es residente, gestiones que ayuden en la generaci\u00f3n de nuevas brechas sociales, culturales, econ\u00f3micas para la regi\u00f3n sur del Cesar.<\/p>\n\n\n\n<figure class=\"wp-block-audio\"><audio controls src=\"https:\/\/camposerranoradio.com\/home\/wp-content\/uploads\/2023\/01\/Marcos-Gomez-17-01-23.mp3\"><\/audio><figcaption class=\"wp-element-caption\">MARCOS G\u00d3MEZ CALDER\u00d3N<\/figcaption><\/figure>\n","protected":false},"excerpt":{"rendered":"<p>Marcos G\u00f3mez Calder\u00f3n, de 32 a\u00f1os, oriundo del municipio de Aguachica, fue nombrado el pasado doce de enero, en la ciudad de Bogot\u00e1 como presidente de la Organizaci\u00f3n de las Nuevas Generaciones para el periodo 2023, por sus cualidades y trayectoria que ha desarrollado en temas de juventudes a nivel nacional. Marcos G\u00f3mez Calder\u00f3n es [&hellip;]<\/p>\n","protected":false},"author":3,"featured_media":0,"comment_status":"open","ping_status":"open","sticky":false,"template":"","format":"standard","meta":{"footnotes":""},"categories":[17,13],"tags":[],"class_list":["post-1632","post","type-post","status-publish","format-standard","hentry","category-nacional","category-news"],"_links":{"self":[{"href":"https:\/\/camposerranoradio.com\/home\/wp-json\/wp\/v2\/posts\/1632","targetHints":{"allow":["GET"]}}],"collection":[{"href":"https:\/\/camposerranoradio.com\/home\/wp-json\/wp\/v2\/posts"}],"about":[{"href":"https:\/\/camposerranoradio.com\/home\/wp-json\/wp\/v2\/types\/post"}],"author":[{"embeddable":true,"href":"https:\/\/camposerranoradio.com\/home\/wp-json\/wp\/v2\/users\/3"}],"replies":[{"embeddable":true,"href":"https:\/\/camposerranoradio.com\/home\/wp-json\/wp\/v2\/comments?post=1632"}],"version-history":[{"count":1,"href":"https:\/\/camposerranoradio.com\/home\/wp-json\/wp\/v2\/posts\/1632\/revisions"}],"predecessor-version":[{"id":1635,"href":"https:\/\/camposerranoradio.com\/home\/wp-json\/wp\/v2\/posts\/1632\/revisions\/1635"}],"wp:attachment":[{"href":"https:\/\/camposerranoradio.com\/home\/wp-json\/wp\/v2\/media?parent=1632"}],"wp:term":[{"taxonomy":"category","embeddable":true,"href":"https:\/\/camposerranoradio.com\/home\/wp-json\/wp\/v2\/categories?post=1632"},{"taxonomy":"post_tag","embeddable":true,"href":"https:\/\/camposerranoradio.com\/home\/wp-json\/wp\/v2\/tags?post=1632"}],"curies":[{"name":"wp","href":"https:\/\/api.w.org\/{rel}","templated":true}]}}