{"id":1642,"date":"2023-01-18T11:51:08","date_gmt":"2023-01-18T11:51:08","guid":{"rendered":"https:\/\/camposerranoradio.com\/home\/?p=1642"},"modified":"2023-01-18T11:51:09","modified_gmt":"2023-01-18T11:51:09","slug":"fallecio-el-senor-jairo-ojeda-garcia-en-aguachica-cesar","status":"publish","type":"post","link":"https:\/\/camposerranoradio.com\/home\/2023\/01\/18\/fallecio-el-senor-jairo-ojeda-garcia-en-aguachica-cesar\/","title":{"rendered":"<strong>FALLECI\u00d3 EL SE\u00d1OR JAIRO OJEDA GARCIA, EN AGUACHICA CESAR<\/strong>"},"content":{"rendered":"\n<p class=\"wp-block-paragraph\">La tarde de ayer martes 17 de enero falleci\u00f3 el se\u00f1or Jairo Ojeda Garc\u00eda, de 49 a\u00f1os, reconocido en el municipio de Aguachica por ser amable y gentil, y por desempe\u00f1arse durante muchos a\u00f1os como regente de farmacia en la droguer\u00eda La Pastillita y posteriormente en la droguer\u00eda La Econom\u00eda de este municipio, labor en la cual muchos comentan su servicio fue muy profesional y servicial.<\/p>\n\n\n\n<p class=\"wp-block-paragraph\">Jairo Ojeda falleci\u00f3 en la cl\u00ednica de Alta Complejidad de Aguachica alrededor de las 3:30 de la tarde producto de una enfermedad invasiva, con la cual batall\u00f3 por alrededor de un a\u00f1o, un c\u00e1ncer en la zona de la lengua que desgast\u00f3 paulatinamente su existir; seg\u00fan informaciones, los \u00faltimos siete meses de vida el aguachiquense padeci\u00f3 de fuertes dolores lo que imped\u00eda su correcta alimentaci\u00f3n lo que por ende, afect\u00f3 en gran medida, su ciclo de vida. Ojeda dej\u00f3 tres hijos, nacidos en un matrimonio de 23 a\u00f1os.<\/p>\n\n\n\n<p class=\"wp-block-paragraph\">Familiares y amigos extienden la invitaci\u00f3n a quienes deseen acompa\u00f1ar en este dolor por la p\u00e9rdida humana del aguachiquense, lugar de velaci\u00f3n calle 1ra con carrera 28. Paz en la tumba del se\u00f1or Jairo Ojeda Garc\u00eda.<\/p>\n","protected":false},"excerpt":{"rendered":"<p>La tarde de ayer martes 17 de enero falleci\u00f3 el se\u00f1or Jairo Ojeda Garc\u00eda, de 49 a\u00f1os, reconocido en el municipio de Aguachica por ser amable y gentil, y por desempe\u00f1arse durante muchos a\u00f1os como regente de farmacia en la droguer\u00eda La Pastillita y posteriormente en la droguer\u00eda La Econom\u00eda de este municipio, labor en [&hellip;]<\/p>\n","protected":false},"author":3,"featured_media":0,"comment_status":"open","ping_status":"open","sticky":false,"template":"","format":"standard","meta":{"footnotes":""},"categories":[11,13],"tags":[],"class_list":["post-1642","post","type-post","status-publish","format-standard","hentry","category-local","category-news"],"_links":{"self":[{"href":"https:\/\/camposerranoradio.com\/home\/wp-json\/wp\/v2\/posts\/1642","targetHints":{"allow":["GET"]}}],"collection":[{"href":"https:\/\/camposerranoradio.com\/home\/wp-json\/wp\/v2\/posts"}],"about":[{"href":"https:\/\/camposerranoradio.com\/home\/wp-json\/wp\/v2\/types\/post"}],"author":[{"embeddable":true,"href":"https:\/\/camposerranoradio.com\/home\/wp-json\/wp\/v2\/users\/3"}],"replies":[{"embeddable":true,"href":"https:\/\/camposerranoradio.com\/home\/wp-json\/wp\/v2\/comments?post=1642"}],"version-history":[{"count":1,"href":"https:\/\/camposerranoradio.com\/home\/wp-json\/wp\/v2\/posts\/1642\/revisions"}],"predecessor-version":[{"id":1644,"href":"https:\/\/camposerranoradio.com\/home\/wp-json\/wp\/v2\/posts\/1642\/revisions\/1644"}],"wp:attachment":[{"href":"https:\/\/camposerranoradio.com\/home\/wp-json\/wp\/v2\/media?parent=1642"}],"wp:term":[{"taxonomy":"category","embeddable":true,"href":"https:\/\/camposerranoradio.com\/home\/wp-json\/wp\/v2\/categories?post=1642"},{"taxonomy":"post_tag","embeddable":true,"href":"https:\/\/camposerranoradio.com\/home\/wp-json\/wp\/v2\/tags?post=1642"}],"curies":[{"name":"wp","href":"https:\/\/api.w.org\/{rel}","templated":true}]}}