{"id":1685,"date":"2023-01-23T12:04:54","date_gmt":"2023-01-23T12:04:54","guid":{"rendered":"https:\/\/camposerranoradio.com\/home\/?p=1685"},"modified":"2023-01-23T12:04:54","modified_gmt":"2023-01-23T12:04:54","slug":"instaurada-nueva-junta-directiva-de-la-camara-de-comercio-de-aguachica","status":"publish","type":"post","link":"https:\/\/camposerranoradio.com\/home\/2023\/01\/23\/instaurada-nueva-junta-directiva-de-la-camara-de-comercio-de-aguachica\/","title":{"rendered":"<strong>INSTAURADA NUEVA JUNTA DIRECTIVA DE LA C\u00c1MARA DE COMERCIO DE AGUACHICA<\/strong>"},"content":{"rendered":"\n<p class=\"wp-block-paragraph\">La C\u00e1mara de Comercio de Aguachica cuenta con nuevo personal al frente de la junta directiva y revisor\u00eda fiscal para el periodo 2023 &#8211; 2026, quienes fueron elegidos por unanimidad el 1ro de diciembre del a\u00f1o anterior. Los nuevos miembros tendr\u00e1n la responsabilidad de planear, adoptar pol\u00edticas, controlar y evaluar la gesti\u00f3n de la respectiva C\u00e1mara de Comercio.<\/p>\n\n\n\n<p class=\"wp-block-paragraph\">La posesi\u00f3n se llev\u00f3 a cabo el pasado 19 de enero de 2023, en las instalaciones de la instituci\u00f3n cameral, la junta directiva se encuentra integrada por el se\u00f1or David Masmela Ram\u00edrez como presidente, el se\u00f1or Gustavo Bueno Osorio como vicepresidente y como secretario de la Junta Directiva de la C\u00e1mara de Comercio qued\u00f3 el comerciante aguachiquense Rub\u00e9n Dar\u00edo Jim\u00e9nez.<\/p>\n\n\n\n<p class=\"wp-block-paragraph\">Como suplentes quedaron los comerciantes Carmen Gonz\u00e1lez Ram\u00edrez, Yurgense Lizarazo Piedrahita, Yasmine Ram\u00edrez L\u00f3pez y Cenit Medina Pab\u00f3n; como delegados del gobierno, el se\u00f1or Aldo P\u00e9rez Garc\u00eda y Rafael Qui\u00f1onez Rinc\u00f3n. <\/p>\n\n\n\n<p class=\"wp-block-paragraph\">Los nuevos miembros de la junta directiva y revisor\u00eda fiscal de la entidad, fueron elegidos por los afiliados de la C\u00e1mara de Comercio de Aguachica mediante participaci\u00f3n electoral institucional que se lleva a cabo cada tres a\u00f1os. \u00a0<\/p>\n","protected":false},"excerpt":{"rendered":"<p>La C\u00e1mara de Comercio de Aguachica cuenta con nuevo personal al frente de la junta directiva y revisor\u00eda fiscal para el periodo 2023 &#8211; 2026, quienes fueron elegidos por unanimidad el 1ro de diciembre del a\u00f1o anterior. Los nuevos miembros tendr\u00e1n la responsabilidad de planear, adoptar pol\u00edticas, controlar y evaluar la gesti\u00f3n de la respectiva [&hellip;]<\/p>\n","protected":false},"author":3,"featured_media":0,"comment_status":"open","ping_status":"open","sticky":false,"template":"","format":"standard","meta":{"footnotes":""},"categories":[11,13,5],"tags":[],"class_list":["post-1685","post","type-post","status-publish","format-standard","hentry","category-local","category-news","category-regional"],"_links":{"self":[{"href":"https:\/\/camposerranoradio.com\/home\/wp-json\/wp\/v2\/posts\/1685","targetHints":{"allow":["GET"]}}],"collection":[{"href":"https:\/\/camposerranoradio.com\/home\/wp-json\/wp\/v2\/posts"}],"about":[{"href":"https:\/\/camposerranoradio.com\/home\/wp-json\/wp\/v2\/types\/post"}],"author":[{"embeddable":true,"href":"https:\/\/camposerranoradio.com\/home\/wp-json\/wp\/v2\/users\/3"}],"replies":[{"embeddable":true,"href":"https:\/\/camposerranoradio.com\/home\/wp-json\/wp\/v2\/comments?post=1685"}],"version-history":[{"count":1,"href":"https:\/\/camposerranoradio.com\/home\/wp-json\/wp\/v2\/posts\/1685\/revisions"}],"predecessor-version":[{"id":1687,"href":"https:\/\/camposerranoradio.com\/home\/wp-json\/wp\/v2\/posts\/1685\/revisions\/1687"}],"wp:attachment":[{"href":"https:\/\/camposerranoradio.com\/home\/wp-json\/wp\/v2\/media?parent=1685"}],"wp:term":[{"taxonomy":"category","embeddable":true,"href":"https:\/\/camposerranoradio.com\/home\/wp-json\/wp\/v2\/categories?post=1685"},{"taxonomy":"post_tag","embeddable":true,"href":"https:\/\/camposerranoradio.com\/home\/wp-json\/wp\/v2\/tags?post=1685"}],"curies":[{"name":"wp","href":"https:\/\/api.w.org\/{rel}","templated":true}]}}