{"id":1688,"date":"2023-01-23T12:08:51","date_gmt":"2023-01-23T12:08:51","guid":{"rendered":"https:\/\/camposerranoradio.com\/home\/?p=1688"},"modified":"2023-01-23T12:11:26","modified_gmt":"2023-01-23T12:11:26","slug":"vandalismo-en-el-carnaval-de-aguachica-2023","status":"publish","type":"post","link":"https:\/\/camposerranoradio.com\/home\/2023\/01\/23\/vandalismo-en-el-carnaval-de-aguachica-2023\/","title":{"rendered":"<strong>VANDALISMO EN EL CARNAVAL DE AGUACHICA 2023<\/strong>"},"content":{"rendered":"\n<p class=\"wp-block-paragraph\">La falta de cultura se tom\u00f3 las calles de Aguachica en el segundo preg\u00f3n carnavalero desarrollado el s\u00e1bado 21 de enero, en horas de la tarde, fiestas que deben derrochar cultura, respeto y armon\u00eda entre quienes participan, sin embargo, el segundo d\u00eda del preg\u00f3n se desat\u00f3 una ola de desorden entre j\u00f3venes asistentes contra personal de la Polic\u00eda. \u00a0<\/p>\n\n\n\n<p class=\"wp-block-paragraph\">Durante el recorrido que inici\u00f3 desde la carrera 40 y descendi\u00f3 por la calle 5ta hasta finalizar en la carrera 18 con calle 5ta, exactamente en el Parque Morrocoy, seg\u00fan testigos, diferentes actos bochornosos se presentaron; uno de ellos, y el m\u00e1s significativo fue la concentraci\u00f3n vand\u00e1lica registrada afuera de la instituci\u00f3n policiva en la carrera 31 con calle 5ta alrededor de las 5:00 de la tarde.<\/p>\n\n\n\n<p class=\"wp-block-paragraph\"> J\u00f3venes de diferentes edades bajo consumo de alcohol arremetieron contra el cuerpo institucional de la polic\u00eda con piedras, machetes y otros objetos materiales amedrentando a los dem\u00e1s asistentes quienes disfrutaban de la celebraci\u00f3n cultural. Seg\u00fan informaciones, se logr\u00f3 la captura de uno de ellos, siendo trasladado a la estaci\u00f3n de Polic\u00eda.<\/p>\n","protected":false},"excerpt":{"rendered":"<p>La falta de cultura se tom\u00f3 las calles de Aguachica en el segundo preg\u00f3n carnavalero desarrollado el s\u00e1bado 21 de enero, en horas de la tarde, fiestas que deben derrochar cultura, respeto y armon\u00eda entre quienes participan, sin embargo, el segundo d\u00eda del preg\u00f3n se desat\u00f3 una ola de desorden entre j\u00f3venes asistentes contra personal [&hellip;]<\/p>\n","protected":false},"author":3,"featured_media":0,"comment_status":"open","ping_status":"open","sticky":false,"template":"","format":"standard","meta":{"footnotes":""},"categories":[11,13],"tags":[],"class_list":["post-1688","post","type-post","status-publish","format-standard","hentry","category-local","category-news"],"_links":{"self":[{"href":"https:\/\/camposerranoradio.com\/home\/wp-json\/wp\/v2\/posts\/1688","targetHints":{"allow":["GET"]}}],"collection":[{"href":"https:\/\/camposerranoradio.com\/home\/wp-json\/wp\/v2\/posts"}],"about":[{"href":"https:\/\/camposerranoradio.com\/home\/wp-json\/wp\/v2\/types\/post"}],"author":[{"embeddable":true,"href":"https:\/\/camposerranoradio.com\/home\/wp-json\/wp\/v2\/users\/3"}],"replies":[{"embeddable":true,"href":"https:\/\/camposerranoradio.com\/home\/wp-json\/wp\/v2\/comments?post=1688"}],"version-history":[{"count":2,"href":"https:\/\/camposerranoradio.com\/home\/wp-json\/wp\/v2\/posts\/1688\/revisions"}],"predecessor-version":[{"id":1691,"href":"https:\/\/camposerranoradio.com\/home\/wp-json\/wp\/v2\/posts\/1688\/revisions\/1691"}],"wp:attachment":[{"href":"https:\/\/camposerranoradio.com\/home\/wp-json\/wp\/v2\/media?parent=1688"}],"wp:term":[{"taxonomy":"category","embeddable":true,"href":"https:\/\/camposerranoradio.com\/home\/wp-json\/wp\/v2\/categories?post=1688"},{"taxonomy":"post_tag","embeddable":true,"href":"https:\/\/camposerranoradio.com\/home\/wp-json\/wp\/v2\/tags?post=1688"}],"curies":[{"name":"wp","href":"https:\/\/api.w.org\/{rel}","templated":true}]}}