{"id":1698,"date":"2023-01-23T12:31:37","date_gmt":"2023-01-23T12:31:37","guid":{"rendered":"https:\/\/camposerranoradio.com\/home\/?p=1698"},"modified":"2023-01-23T12:31:37","modified_gmt":"2023-01-23T12:31:37","slug":"visita-de-inspeccion-a-las-obras-del-nuevo-aulario-en-la-institucion-campo-serrano","status":"publish","type":"post","link":"https:\/\/camposerranoradio.com\/home\/2023\/01\/23\/visita-de-inspeccion-a-las-obras-del-nuevo-aulario-en-la-institucion-campo-serrano\/","title":{"rendered":"<strong>VISITA DE INSPECCI\u00d3N A LAS OBRAS DEL NUEVO AULARIO EN LA INSTITUCI\u00d3N CAMPO SERRANO<\/strong>"},"content":{"rendered":"\n<p class=\"wp-block-paragraph\">La secretaria de educaci\u00f3n municipal Elsa Mery Carrascal con el acompa\u00f1amiento del se\u00f1or rector Lemis C\u00e1ceres realizaron en las instalaciones de la instituci\u00f3n educativa T\u00e9cnica Jos\u00e9 Mar\u00eda Campo Serrano, el pasado viernes 20 de enero, una visita de inspecci\u00f3n a la obra en proceso del proyecto de construcci\u00f3n de los nuevos ocho m\u00f3dulos de aulas, totalmente dotadas, con moderno dise\u00f1o, el cual busca aumentar y consolidar la calidad educativa en Aguachica.<\/p>\n\n\n\n<p class=\"wp-block-paragraph\">Obra educativa importante en el municipio la cual deber\u00e1 estar finalizada a m\u00e1s tardar para finales del a\u00f1o 2023 dado a sus inicios en el mes de noviembre anterior; espacios dignos que servir\u00e1n para recibir un aprendizaje \u00f3ptimo en una jornada \u00fanica que beneficiar\u00e1 alrededor de 2.600 estudiantes camposerranistas proyecto financiado con recursos de la gobernaci\u00f3n del Cesar Lo hacemos mejor.<\/p>\n\n\n\n<p class=\"wp-block-paragraph\">En total son ocho nuevos y modernos m\u00f3dulos establecidos dentro del plan de infraestructura educativa el cual se dio a conocer mediante el Tour 322 Aulas realizado en el mes de agosto del a\u00f1o 2022; por lo anterior, los estudiantes de la instituci\u00f3n educativa T\u00e9cnica Jos\u00e9 Mar\u00eda Campo Serrano ver\u00e1n cumplido el sue\u00f1o si se cumple con la normatividad t\u00e9cnica, de contar con un ambiente escolar futurista e innovador al finalizar el 2023.<\/p>\n","protected":false},"excerpt":{"rendered":"<p>La secretaria de educaci\u00f3n municipal Elsa Mery Carrascal con el acompa\u00f1amiento del se\u00f1or rector Lemis C\u00e1ceres realizaron en las instalaciones de la instituci\u00f3n educativa T\u00e9cnica Jos\u00e9 Mar\u00eda Campo Serrano, el pasado viernes 20 de enero, una visita de inspecci\u00f3n a la obra en proceso del proyecto de construcci\u00f3n de los nuevos ocho m\u00f3dulos de aulas, [&hellip;]<\/p>\n","protected":false},"author":3,"featured_media":0,"comment_status":"open","ping_status":"open","sticky":false,"template":"","format":"standard","meta":{"footnotes":""},"categories":[11,13],"tags":[],"class_list":["post-1698","post","type-post","status-publish","format-standard","hentry","category-local","category-news"],"_links":{"self":[{"href":"https:\/\/camposerranoradio.com\/home\/wp-json\/wp\/v2\/posts\/1698","targetHints":{"allow":["GET"]}}],"collection":[{"href":"https:\/\/camposerranoradio.com\/home\/wp-json\/wp\/v2\/posts"}],"about":[{"href":"https:\/\/camposerranoradio.com\/home\/wp-json\/wp\/v2\/types\/post"}],"author":[{"embeddable":true,"href":"https:\/\/camposerranoradio.com\/home\/wp-json\/wp\/v2\/users\/3"}],"replies":[{"embeddable":true,"href":"https:\/\/camposerranoradio.com\/home\/wp-json\/wp\/v2\/comments?post=1698"}],"version-history":[{"count":1,"href":"https:\/\/camposerranoradio.com\/home\/wp-json\/wp\/v2\/posts\/1698\/revisions"}],"predecessor-version":[{"id":1700,"href":"https:\/\/camposerranoradio.com\/home\/wp-json\/wp\/v2\/posts\/1698\/revisions\/1700"}],"wp:attachment":[{"href":"https:\/\/camposerranoradio.com\/home\/wp-json\/wp\/v2\/media?parent=1698"}],"wp:term":[{"taxonomy":"category","embeddable":true,"href":"https:\/\/camposerranoradio.com\/home\/wp-json\/wp\/v2\/categories?post=1698"},{"taxonomy":"post_tag","embeddable":true,"href":"https:\/\/camposerranoradio.com\/home\/wp-json\/wp\/v2\/tags?post=1698"}],"curies":[{"name":"wp","href":"https:\/\/api.w.org\/{rel}","templated":true}]}}