{"id":1759,"date":"2023-02-01T12:32:11","date_gmt":"2023-02-01T12:32:11","guid":{"rendered":"https:\/\/camposerranoradio.com\/home\/?p=1759"},"modified":"2023-02-01T12:32:12","modified_gmt":"2023-02-01T12:32:12","slug":"enfermedades-cronicas-y-accidentes-de-transito-mantienen-la-ocupacion-de-urgencias-del-hospita-regional-al-150-de-ocupacion-durante-el-mes-de-enero","status":"publish","type":"post","link":"https:\/\/camposerranoradio.com\/home\/2023\/02\/01\/enfermedades-cronicas-y-accidentes-de-transito-mantienen-la-ocupacion-de-urgencias-del-hospita-regional-al-150-de-ocupacion-durante-el-mes-de-enero\/","title":{"rendered":"<strong>ENFERMEDADES CR\u00d3NICAS Y ACCIDENTES DE TR\u00c1NSITO MANTIENEN LA OCUPACI\u00d3N DE URGENCIAS DEL HOSPITA REGIONAL AL 150% DE OCUPACI\u00d3N DURANTE EL MES DE ENERO<\/strong>"},"content":{"rendered":"\n<p class=\"wp-block-paragraph\">Pese a los incontables controles y proyectos que mejoren la movilidad en nuestro municipio, los accidentes de tr\u00e1nsito con resultados fatales por la combinaci\u00f3n de conducir en estado de embriaguez y otras imprudencias viales, han sido los principales causantes de mantener a tope durante el primer mes del a\u00f1o 2023 la secci\u00f3n de urgencias del hospital Regional Jos\u00e9 David Padilla Villafa\u00f1e.<\/p>\n\n\n\n<p class=\"wp-block-paragraph\">En dialogo con el coordinador de esta \u00e1rea del hospital regional, el doctor Hassan Qui\u00f1ones, afirma que otros de los agravantes a esta situaci\u00f3n son los pacientes con enfermedades cr\u00f3nicas como la diabetes, hipertensi\u00f3n, enfermedades renales cr\u00f3nicas, entre otras, con los cuales el problema se incrementa debido a inconsistencias en la contrataci\u00f3n con el centro de salud por parte de la EPS ASMET Salud.<\/p>\n\n\n\n<p class=\"wp-block-paragraph\">Dadas las circunstancias, la ocupaci\u00f3n de la sala de urgencias del hospital regional Jos\u00e9 David Padilla Villafa\u00f1e ha mantenido su ocupaci\u00f3n al 150% de capacidad, excediendo los l\u00edmites y requiriendo mayor esfuerzo y entrega por parte de los galenos de este centro asistencial por salvaguardar la vida y la salud de los habitantes de Aguachica y la regi\u00f3n.<\/p>\n\n\n\n<figure class=\"wp-block-video\"><video controls src=\"https:\/\/camposerranoradio.com\/home\/wp-content\/uploads\/2023\/02\/medico-Hassan-2.mp4\"><\/video><figcaption class=\"wp-element-caption\">M\u00e9dico Hassan Qui\u00f1onez, Coordinador \u00c1rea de Urgencias HRJDPV<\/figcaption><\/figure>\n","protected":false},"excerpt":{"rendered":"<p>Pese a los incontables controles y proyectos que mejoren la movilidad en nuestro municipio, los accidentes de tr\u00e1nsito con resultados fatales por la combinaci\u00f3n de conducir en estado de embriaguez y otras imprudencias viales, han sido los principales causantes de mantener a tope durante el primer mes del a\u00f1o 2023 la secci\u00f3n de urgencias del [&hellip;]<\/p>\n","protected":false},"author":3,"featured_media":0,"comment_status":"open","ping_status":"open","sticky":false,"template":"","format":"standard","meta":{"footnotes":""},"categories":[11,13],"tags":[],"class_list":["post-1759","post","type-post","status-publish","format-standard","hentry","category-local","category-news"],"_links":{"self":[{"href":"https:\/\/camposerranoradio.com\/home\/wp-json\/wp\/v2\/posts\/1759","targetHints":{"allow":["GET"]}}],"collection":[{"href":"https:\/\/camposerranoradio.com\/home\/wp-json\/wp\/v2\/posts"}],"about":[{"href":"https:\/\/camposerranoradio.com\/home\/wp-json\/wp\/v2\/types\/post"}],"author":[{"embeddable":true,"href":"https:\/\/camposerranoradio.com\/home\/wp-json\/wp\/v2\/users\/3"}],"replies":[{"embeddable":true,"href":"https:\/\/camposerranoradio.com\/home\/wp-json\/wp\/v2\/comments?post=1759"}],"version-history":[{"count":1,"href":"https:\/\/camposerranoradio.com\/home\/wp-json\/wp\/v2\/posts\/1759\/revisions"}],"predecessor-version":[{"id":1764,"href":"https:\/\/camposerranoradio.com\/home\/wp-json\/wp\/v2\/posts\/1759\/revisions\/1764"}],"wp:attachment":[{"href":"https:\/\/camposerranoradio.com\/home\/wp-json\/wp\/v2\/media?parent=1759"}],"wp:term":[{"taxonomy":"category","embeddable":true,"href":"https:\/\/camposerranoradio.com\/home\/wp-json\/wp\/v2\/categories?post=1759"},{"taxonomy":"post_tag","embeddable":true,"href":"https:\/\/camposerranoradio.com\/home\/wp-json\/wp\/v2\/tags?post=1759"}],"curies":[{"name":"wp","href":"https:\/\/api.w.org\/{rel}","templated":true}]}}