{"id":1765,"date":"2023-02-01T12:48:13","date_gmt":"2023-02-01T12:48:13","guid":{"rendered":"https:\/\/camposerranoradio.com\/home\/?p=1765"},"modified":"2023-02-01T12:48:13","modified_gmt":"2023-02-01T12:48:13","slug":"upc-seccional-aguachica-amplia-el-plazo-de-inscripciones-para-los-programas-de-economia-y-administracion-de-empresas","status":"publish","type":"post","link":"https:\/\/camposerranoradio.com\/home\/2023\/02\/01\/upc-seccional-aguachica-amplia-el-plazo-de-inscripciones-para-los-programas-de-economia-y-administracion-de-empresas\/","title":{"rendered":"<strong>UPC SECCIONAL AGUACHICA AMPL\u00cdA EL PLAZO DE INSCRIPCIONES PARA LOS PROGRAMAS DE ECONOM\u00cdA Y ADMINISTRACI\u00d3N DE EMPRESAS<\/strong>"},"content":{"rendered":"\n<p class=\"wp-block-paragraph\">En aras de fomentar los procesos de educaci\u00f3n superior, la Universidad Popular Del Cesar Aguachica tiene el gusto de informar que ha ampliado la cobertura para los j\u00f3venes que no pudieron inscribirse el semestre pasado en el programa de Econom\u00eda y Administraci\u00f3n de Empresas en la Universidad Popular del Cesar sede Aguachica.<\/p>\n\n\n\n<p class=\"wp-block-paragraph\">Est\u00e1s inscripciones van a estar abiertas solo por 4 d\u00edas, desde el martes 31 de enero hasta el viernes 3 de febrero, as\u00ed lo dio a conocer el vicerrector del alma mater Wilfred Smith Torres. Igualmente, el vicerrector explic\u00f3 que esta ampliaci\u00f3n de fechas de inscripci\u00f3n se hizo debido a la alta demanda de j\u00f3venes y adultos que han querido comenzar su proceso de formaci\u00f3n acad\u00e9mica profesional en el \u00e1rea de la Econom\u00eda y la Administraci\u00f3n de Empresas que se imparte en la universidad.<\/p>\n\n\n\n<figure class=\"wp-block-audio\"><audio controls src=\"https:\/\/camposerranoradio.com\/home\/wp-content\/uploads\/2023\/02\/Wilfred-Torres-vicerrector-UPC-Aguachica-01-02-23.mp3\"><\/audio><figcaption class=\"wp-element-caption\">Wilfred Torres &#8211; Vicerrector UPC Aguachica<\/figcaption><\/figure>\n\n\n\n<p class=\"wp-block-paragraph\">Los pasos que debe seguir para inscribirse son:<\/p>\n\n\n\n<p class=\"wp-block-paragraph\">1.&nbsp;&nbsp;&nbsp;&nbsp;Diligenciar el formulario en l\u00ednea en&nbsp;<a href=\"http:\/\/aguachica.unicesar.edu.co\/requisitos-de-inscripcion\/\" target=\"_blank\" rel=\"noreferrer noopener\">http:\/\/aguachica.unicesar.edu.co\/requisitos-de-inscripcion\/<\/a><\/p>\n\n\n\n<p class=\"wp-block-paragraph\">2.&nbsp;&nbsp;&nbsp;&nbsp;Descargar el formato de pago.<\/p>\n\n\n\n<p class=\"wp-block-paragraph\">3.&nbsp;&nbsp;&nbsp;&nbsp;Entrega de documentos en l\u00ednea.<\/p>\n\n\n\n<p class=\"wp-block-paragraph\">4.&nbsp;&nbsp;&nbsp;&nbsp;\u00a1Y listo! Solo queda que revisar el listado de admitidos en&nbsp;<a href=\"http:\/\/aguachica.unicesar.edu.co\/\" target=\"_blank\" rel=\"noreferrer noopener\">Aguachica.Unicesar.edu.co<\/a><\/p>\n","protected":false},"excerpt":{"rendered":"<p>En aras de fomentar los procesos de educaci\u00f3n superior, la Universidad Popular Del Cesar Aguachica tiene el gusto de informar que ha ampliado la cobertura para los j\u00f3venes que no pudieron inscribirse el semestre pasado en el programa de Econom\u00eda y Administraci\u00f3n de Empresas en la Universidad Popular del Cesar sede Aguachica. Est\u00e1s inscripciones van [&hellip;]<\/p>\n","protected":false},"author":3,"featured_media":0,"comment_status":"open","ping_status":"open","sticky":false,"template":"","format":"standard","meta":{"footnotes":""},"categories":[11,13],"tags":[],"class_list":["post-1765","post","type-post","status-publish","format-standard","hentry","category-local","category-news"],"_links":{"self":[{"href":"https:\/\/camposerranoradio.com\/home\/wp-json\/wp\/v2\/posts\/1765","targetHints":{"allow":["GET"]}}],"collection":[{"href":"https:\/\/camposerranoradio.com\/home\/wp-json\/wp\/v2\/posts"}],"about":[{"href":"https:\/\/camposerranoradio.com\/home\/wp-json\/wp\/v2\/types\/post"}],"author":[{"embeddable":true,"href":"https:\/\/camposerranoradio.com\/home\/wp-json\/wp\/v2\/users\/3"}],"replies":[{"embeddable":true,"href":"https:\/\/camposerranoradio.com\/home\/wp-json\/wp\/v2\/comments?post=1765"}],"version-history":[{"count":1,"href":"https:\/\/camposerranoradio.com\/home\/wp-json\/wp\/v2\/posts\/1765\/revisions"}],"predecessor-version":[{"id":1769,"href":"https:\/\/camposerranoradio.com\/home\/wp-json\/wp\/v2\/posts\/1765\/revisions\/1769"}],"wp:attachment":[{"href":"https:\/\/camposerranoradio.com\/home\/wp-json\/wp\/v2\/media?parent=1765"}],"wp:term":[{"taxonomy":"category","embeddable":true,"href":"https:\/\/camposerranoradio.com\/home\/wp-json\/wp\/v2\/categories?post=1765"},{"taxonomy":"post_tag","embeddable":true,"href":"https:\/\/camposerranoradio.com\/home\/wp-json\/wp\/v2\/tags?post=1765"}],"curies":[{"name":"wp","href":"https:\/\/api.w.org\/{rel}","templated":true}]}}