{"id":1770,"date":"2023-02-01T13:05:52","date_gmt":"2023-02-01T13:05:52","guid":{"rendered":"https:\/\/camposerranoradio.com\/home\/?p=1770"},"modified":"2023-02-01T13:05:52","modified_gmt":"2023-02-01T13:05:52","slug":"hoy-inicia-el-primer-periodo-de-sesiones-ordinarias-del-concejo-municipal-de-aguachica-edwin-estrada-asume-como-nuevo-presidente-de-la-corporacion","status":"publish","type":"post","link":"https:\/\/camposerranoradio.com\/home\/2023\/02\/01\/hoy-inicia-el-primer-periodo-de-sesiones-ordinarias-del-concejo-municipal-de-aguachica-edwin-estrada-asume-como-nuevo-presidente-de-la-corporacion\/","title":{"rendered":"<strong>HOY INICIA EL PRIMER PERIODO DE SESIONES ORDINARIAS DEL CONCEJO MUNICIPAL DE AGUACHICA. EDWIN ESTRADA ASUME COMO NUEVO PRESIDENTE DE LA CORPORACI\u00d3N<\/strong>"},"content":{"rendered":"\n<p class=\"wp-block-paragraph\">Un nuevo a\u00f1o, trae nuevos retos y los 15 concejales de nuestro municipio se vuelven a encontrar hoy a las 2 de la tarde, en las instalaciones del concejo municipal para dar inicio a este primer periodo de sesiones ordinarias de este a\u00f1o 2023.<\/p>\n\n\n\n<p class=\"wp-block-paragraph\">Con muchos compromisos y metas por cumplir los ediles continuar\u00e1n con su desaf\u00edo de que por medio de sus gestiones y trabajos le puedan brindar beneficios y desarrollo econ\u00f3mico, social y cultural a toda la comunidad Aguachiquense.<\/p>\n\n\n\n<p class=\"wp-block-paragraph\">Por su parte, Edwin Estrada, actual concejal de partido ADA, asume la responsabilidad de ser el presidente de esta corporaci\u00f3n edilicia, que en varias ocasiones ha estado en el ojo del hurac\u00e1n por las diferencias pol\u00edticas entre los corporados y la forma poco adecuada en la que han realizado algunas de sus sesiones. El nuevo presidente del consejo habl\u00f3 con el equipo period\u00edstico de la primera emisi\u00f3n de Magazine 96.7 y esto manifest\u00f3 al respecto:<\/p>\n\n\n\n<figure class=\"wp-block-audio\"><audio controls src=\"https:\/\/camposerranoradio.com\/home\/wp-content\/uploads\/2023\/02\/Edwin-Estrada-presidente-concejo-01-02-23.mp3\"><\/audio><figcaption class=\"wp-element-caption\">Edwin Estrada &#8211; Presidente Concejo 2023<\/figcaption><\/figure>\n\n\n\n<p class=\"wp-block-paragraph\">Buen viento y buena mar no solo para Edwin, sino tambi\u00e9n para los 15 concejales que fueron elegidos por el pueblo y es para ellos por quienes deben trabajar.<\/p>\n","protected":false},"excerpt":{"rendered":"<p>Un nuevo a\u00f1o, trae nuevos retos y los 15 concejales de nuestro municipio se vuelven a encontrar hoy a las 2 de la tarde, en las instalaciones del concejo municipal para dar inicio a este primer periodo de sesiones ordinarias de este a\u00f1o 2023. Con muchos compromisos y metas por cumplir los ediles continuar\u00e1n con [&hellip;]<\/p>\n","protected":false},"author":3,"featured_media":0,"comment_status":"open","ping_status":"open","sticky":false,"template":"","format":"standard","meta":{"footnotes":""},"categories":[11,13],"tags":[],"class_list":["post-1770","post","type-post","status-publish","format-standard","hentry","category-local","category-news"],"_links":{"self":[{"href":"https:\/\/camposerranoradio.com\/home\/wp-json\/wp\/v2\/posts\/1770","targetHints":{"allow":["GET"]}}],"collection":[{"href":"https:\/\/camposerranoradio.com\/home\/wp-json\/wp\/v2\/posts"}],"about":[{"href":"https:\/\/camposerranoradio.com\/home\/wp-json\/wp\/v2\/types\/post"}],"author":[{"embeddable":true,"href":"https:\/\/camposerranoradio.com\/home\/wp-json\/wp\/v2\/users\/3"}],"replies":[{"embeddable":true,"href":"https:\/\/camposerranoradio.com\/home\/wp-json\/wp\/v2\/comments?post=1770"}],"version-history":[{"count":1,"href":"https:\/\/camposerranoradio.com\/home\/wp-json\/wp\/v2\/posts\/1770\/revisions"}],"predecessor-version":[{"id":1774,"href":"https:\/\/camposerranoradio.com\/home\/wp-json\/wp\/v2\/posts\/1770\/revisions\/1774"}],"wp:attachment":[{"href":"https:\/\/camposerranoradio.com\/home\/wp-json\/wp\/v2\/media?parent=1770"}],"wp:term":[{"taxonomy":"category","embeddable":true,"href":"https:\/\/camposerranoradio.com\/home\/wp-json\/wp\/v2\/categories?post=1770"},{"taxonomy":"post_tag","embeddable":true,"href":"https:\/\/camposerranoradio.com\/home\/wp-json\/wp\/v2\/tags?post=1770"}],"curies":[{"name":"wp","href":"https:\/\/api.w.org\/{rel}","templated":true}]}}