{"id":1809,"date":"2023-02-02T12:31:39","date_gmt":"2023-02-02T12:31:39","guid":{"rendered":"https:\/\/camposerranoradio.com\/home\/?p=1809"},"modified":"2023-02-02T12:31:40","modified_gmt":"2023-02-02T12:31:40","slug":"extrabajadores-del-transito-aguachica-piden-a-la-directora-de-la-institucion-que-se-les-cancele-los-meses-de-trabajo-que-estan-en-mora","status":"publish","type":"post","link":"https:\/\/camposerranoradio.com\/home\/2023\/02\/02\/extrabajadores-del-transito-aguachica-piden-a-la-directora-de-la-institucion-que-se-les-cancele-los-meses-de-trabajo-que-estan-en-mora\/","title":{"rendered":"EXTRABAJADORES DEL TR\u00c1NSITO AGUACHICA PIDEN A LA DIRECTORA DE LA INSTITUCI\u00d3N QUE SE LES CANCELE LOS MESES DE TRABAJO QUE EST\u00c1N EN MORA"},"content":{"rendered":"\n<p class=\"wp-block-paragraph\">Son exactamente 12 personas, las que con mucha responsabilidad, compromiso y amor trabajaron el a\u00f1o anterior en el Instituto Municipal de Tr\u00e1nsito y Transporte, cumpliendo a cabalidad con lo que se les requer\u00eda pero que aun habiendo terminado el 2022 se les adeudaba desde 3 hasta 9 meses y que hoy 2 de febrero del 2023, siguen posponiendo el pago de los sueldos. En di\u00e1logo con una de las afectadas, cont\u00f3 que han sido muchas las llamadas, mensajes y antesala que se le han realizado a la actual directora del IMTTA Yelitza Polan\u00eda, quien los atiende, los escucha y promete cancelar lo m\u00e1s pronto pero como por cosas del destino a\u00fan no ven reflejada en sus cuentas bancarias el correcto pago.<\/p>\n\n\n\n<p class=\"wp-block-paragraph\">A muchas de estas personas no se les notific\u00f3 el motivo por el cu\u00e1l se les cancelaba el contrato y solamente tuvieron la opci\u00f3n de asumir la decisi\u00f3n. Dentro de la lista de personas a las que se les adeuda se encuentran ciudadanos que son cabeza de hogar con 2 y m\u00e1s hijos por los cuales deben velar. Los afectados han tenido que esperar por m\u00e1s de 4 y 6 meses, pero al d\u00eda de hoy no han brindado soluci\u00f3n.<\/p>\n\n\n\n<p class=\"wp-block-paragraph\">La situaci\u00f3n comenz\u00f3 a tornarse dif\u00edcil dentro de la instituci\u00f3n desde la administraci\u00f3n de Carlos Jos\u00e9 Jim\u00e9nez, quien estuvo como director desde el 17 de febrero del 2021, una direcci\u00f3n que se caracteriz\u00f3 por el excesivo uso de la cama baja y present\u00f3 su renuncia irrevocable el 6 de mayo del 2022. Luego, asumi\u00f3 el cargo Jos\u00e9 Olimpo Vargas el d\u00eda 10 de mayo del 2022, qui\u00e9n intent\u00f3 levantar y subsanar el d\u00e9ficit del tr\u00e1nsito municipal activando la fotomultas, pero quien por diferencias y falta de apoyo por el actual alcalde tom\u00f3 la decisi\u00f3n de desistir al cargo el d\u00eda 28 de octubre del 2022. Yelitza Elena Polan\u00eda Posada, quien es la actual directora del IMTTA y tom\u00f3 posesi\u00f3n del cargo el d\u00eda 31 de octubre del 2022, asumiendo el gran reto de recuperar la econom\u00eda de la instituci\u00f3n y por ende mejorar las condiciones laborales para sus trabajadores, pero hasta el momento, son varias las peticiones y tutelas que le han interpuesto en sus 3 meses como directora.<\/p>\n\n\n\n<p class=\"wp-block-paragraph\">Esta denuncia p\u00fablica la hacen las 12 personas afectadas, quienes autorizaron a este medio hacer difusi\u00f3n de la noticia y la publicaci\u00f3n de sus nombres<\/p>\n\n\n\n<p class=\"wp-block-paragraph\">Firman:<\/p>\n\n\n\n<p class=\"wp-block-paragraph\">Abner Garc\u00eda Santiago\u20143 meses adeudados<\/p>\n\n\n\n<p class=\"wp-block-paragraph\">Orfelina meza \u2013 9 meses adeudados<\/p>\n\n\n\n<p class=\"wp-block-paragraph\">Natali Osorio\u20145 meses adeudados<\/p>\n\n\n\n<p class=\"wp-block-paragraph\">Sael Montiel\u20143 meses adeudados<\/p>\n\n\n\n<p class=\"wp-block-paragraph\">Susana\u20142 meses adeudados<\/p>\n\n\n\n<p class=\"wp-block-paragraph\">Mar\u00eda ballesta\u20145 meses adeudados<\/p>\n\n\n\n<p class=\"wp-block-paragraph\">Lisette salud&#8211; 6 meses adeudados<\/p>\n\n\n\n<p class=\"wp-block-paragraph\">Jimi Daz\u20149 meses adeudados<\/p>\n\n\n\n<p class=\"wp-block-paragraph\">Yiser ric\u00f3n\u20146 meses adeudados<\/p>\n\n\n\n<p class=\"wp-block-paragraph\">Rubiel Torrez agente\u20143 meses adeudados<\/p>\n\n\n\n<p class=\"wp-block-paragraph\">Marcela Matus\u20143 adeudados<\/p>\n\n\n\n<p class=\"wp-block-paragraph\">Rodrigo sosa\u20147 meses adeudados<\/p>\n\n\n\n<p class=\"wp-block-paragraph\">Janer ric\u00f3n\u20143 meses adeudados<\/p>\n\n\n\n<p class=\"wp-block-paragraph\">Nelly infante periodista\u20143 meses adeudados<\/p>\n\n\n\n<p class=\"wp-block-paragraph\">Jhon guerrero\u20142 meses adeudados Leidy S\u00e1nchez\u2014meses adeudados<\/p>\n","protected":false},"excerpt":{"rendered":"<p>Son exactamente 12 personas, las que con mucha responsabilidad, compromiso y amor trabajaron el a\u00f1o anterior en el Instituto Municipal de Tr\u00e1nsito y Transporte, cumpliendo a cabalidad con lo que se les requer\u00eda pero que aun habiendo terminado el 2022 se les adeudaba desde 3 hasta 9 meses y que hoy 2 de febrero del [&hellip;]<\/p>\n","protected":false},"author":3,"featured_media":0,"comment_status":"open","ping_status":"open","sticky":false,"template":"","format":"standard","meta":{"footnotes":""},"categories":[11,13],"tags":[],"class_list":["post-1809","post","type-post","status-publish","format-standard","hentry","category-local","category-news"],"_links":{"self":[{"href":"https:\/\/camposerranoradio.com\/home\/wp-json\/wp\/v2\/posts\/1809","targetHints":{"allow":["GET"]}}],"collection":[{"href":"https:\/\/camposerranoradio.com\/home\/wp-json\/wp\/v2\/posts"}],"about":[{"href":"https:\/\/camposerranoradio.com\/home\/wp-json\/wp\/v2\/types\/post"}],"author":[{"embeddable":true,"href":"https:\/\/camposerranoradio.com\/home\/wp-json\/wp\/v2\/users\/3"}],"replies":[{"embeddable":true,"href":"https:\/\/camposerranoradio.com\/home\/wp-json\/wp\/v2\/comments?post=1809"}],"version-history":[{"count":1,"href":"https:\/\/camposerranoradio.com\/home\/wp-json\/wp\/v2\/posts\/1809\/revisions"}],"predecessor-version":[{"id":1811,"href":"https:\/\/camposerranoradio.com\/home\/wp-json\/wp\/v2\/posts\/1809\/revisions\/1811"}],"wp:attachment":[{"href":"https:\/\/camposerranoradio.com\/home\/wp-json\/wp\/v2\/media?parent=1809"}],"wp:term":[{"taxonomy":"category","embeddable":true,"href":"https:\/\/camposerranoradio.com\/home\/wp-json\/wp\/v2\/categories?post=1809"},{"taxonomy":"post_tag","embeddable":true,"href":"https:\/\/camposerranoradio.com\/home\/wp-json\/wp\/v2\/tags?post=1809"}],"curies":[{"name":"wp","href":"https:\/\/api.w.org\/{rel}","templated":true}]}}