{"id":1812,"date":"2023-02-02T12:46:46","date_gmt":"2023-02-02T12:46:46","guid":{"rendered":"https:\/\/camposerranoradio.com\/home\/?p=1812"},"modified":"2023-02-02T12:46:46","modified_gmt":"2023-02-02T12:46:46","slug":"conozca-el-cronograma-de-las-actividades-extramurales-para-llevar-atencion-medica-a-los-corregimientos-y-veredas-de-la-parte-alta-de-aguachica-que-realiza-el-hospital-local","status":"publish","type":"post","link":"https:\/\/camposerranoradio.com\/home\/2023\/02\/02\/conozca-el-cronograma-de-las-actividades-extramurales-para-llevar-atencion-medica-a-los-corregimientos-y-veredas-de-la-parte-alta-de-aguachica-que-realiza-el-hospital-local\/","title":{"rendered":"CONOZCA EL CRONOGRAMA DE LAS ACTIVIDADES EXTRAMURALES PARA LLEVAR ATENCI\u00d3N M\u00c9DICA A LOS CORREGIMIENTOS Y VEREDAS DE LA PARTE ALTA DE AGUACHICA QUE REALIZA EL HOSPITAL LOCAL"},"content":{"rendered":"\n<p class=\"wp-block-paragraph\">El hospital Local de Aguachica dio a conocer el cronograma para las jornadas extramurales de salud que beneficiar\u00e1n a la poblaci\u00f3n de las veredas y corregimientos de la parte alta de la ciudad.<\/p>\n\n\n\n<p class=\"wp-block-paragraph\">Estas actividades se llevar\u00e1n a cabo desde las 8:00am hasta las 3:00pm el d\u00eda asignado, en el cual se prestar\u00e1n los servicios de controles a la ni\u00f1ez, adolescencia, j\u00f3venes y adultos, planificaci\u00f3n familiar, higiene oral y vacunaci\u00f3n regular o covid-19.<\/p>\n\n\n\n<p class=\"wp-block-paragraph\">El prop\u00f3sito principal para ejecutar estas actividades es la prevenci\u00f3n de las enfermedades en el individuo, familia y comunidad, en forma eficaz, eficiente, c\u00e1lida y con calidad; bajo un modelo de atenci\u00f3n integral en salud que garantice la promoci\u00f3n para el mantenimiento de la salud en la poblaci\u00f3n asignada.<\/p>\n\n\n\n<figure class=\"wp-block-audio\"><audio controls src=\"https:\/\/camposerranoradio.com\/home\/wp-content\/uploads\/2023\/02\/Elizabeth-Gomez-coordinadora-del-area-de-ambulatoria-sede-San-Eduardo-02-02-23.mp3\"><\/audio><figcaption class=\"wp-element-caption\">Elizabeth G\u00f3mez, coordinadora del \u00e1rea ambulatoria del Hospital Local sede San Eduardo<br><\/figcaption><\/figure>\n\n\n\n<p class=\"wp-block-paragraph\">El hospital local cuenta con 18 promotores de salud los cuales har\u00e1n presencia en los 9 corregimientos y 45 veredas de la parte alta de Aguachica.<\/p>\n","protected":false},"excerpt":{"rendered":"<p>El hospital Local de Aguachica dio a conocer el cronograma para las jornadas extramurales de salud que beneficiar\u00e1n a la poblaci\u00f3n de las veredas y corregimientos de la parte alta de la ciudad. Estas actividades se llevar\u00e1n a cabo desde las 8:00am hasta las 3:00pm el d\u00eda asignado, en el cual se prestar\u00e1n los servicios [&hellip;]<\/p>\n","protected":false},"author":3,"featured_media":0,"comment_status":"open","ping_status":"open","sticky":false,"template":"","format":"standard","meta":{"footnotes":""},"categories":[11,13,29],"tags":[],"class_list":["post-1812","post","type-post","status-publish","format-standard","hentry","category-local","category-news","category-rural"],"_links":{"self":[{"href":"https:\/\/camposerranoradio.com\/home\/wp-json\/wp\/v2\/posts\/1812","targetHints":{"allow":["GET"]}}],"collection":[{"href":"https:\/\/camposerranoradio.com\/home\/wp-json\/wp\/v2\/posts"}],"about":[{"href":"https:\/\/camposerranoradio.com\/home\/wp-json\/wp\/v2\/types\/post"}],"author":[{"embeddable":true,"href":"https:\/\/camposerranoradio.com\/home\/wp-json\/wp\/v2\/users\/3"}],"replies":[{"embeddable":true,"href":"https:\/\/camposerranoradio.com\/home\/wp-json\/wp\/v2\/comments?post=1812"}],"version-history":[{"count":1,"href":"https:\/\/camposerranoradio.com\/home\/wp-json\/wp\/v2\/posts\/1812\/revisions"}],"predecessor-version":[{"id":1815,"href":"https:\/\/camposerranoradio.com\/home\/wp-json\/wp\/v2\/posts\/1812\/revisions\/1815"}],"wp:attachment":[{"href":"https:\/\/camposerranoradio.com\/home\/wp-json\/wp\/v2\/media?parent=1812"}],"wp:term":[{"taxonomy":"category","embeddable":true,"href":"https:\/\/camposerranoradio.com\/home\/wp-json\/wp\/v2\/categories?post=1812"},{"taxonomy":"post_tag","embeddable":true,"href":"https:\/\/camposerranoradio.com\/home\/wp-json\/wp\/v2\/tags?post=1812"}],"curies":[{"name":"wp","href":"https:\/\/api.w.org\/{rel}","templated":true}]}}