{"id":1854,"date":"2023-02-06T12:17:17","date_gmt":"2023-02-06T12:17:17","guid":{"rendered":"https:\/\/camposerranoradio.com\/home\/?p=1854"},"modified":"2023-02-06T12:17:18","modified_gmt":"2023-02-06T12:17:18","slug":"la-asociacion-nacional-de-usuarios-campesinos-en-aguachica-invita-a-los-presidentes-de-las-juntas-de-accion-comunal-de-la-zona-rural-a-una-reunion-en-el-sena-para-el-proximo-10-de-febrero","status":"publish","type":"post","link":"https:\/\/camposerranoradio.com\/home\/2023\/02\/06\/la-asociacion-nacional-de-usuarios-campesinos-en-aguachica-invita-a-los-presidentes-de-las-juntas-de-accion-comunal-de-la-zona-rural-a-una-reunion-en-el-sena-para-el-proximo-10-de-febrero\/","title":{"rendered":"<strong>LA ASOCIACI\u00d3N NACIONAL DE USUARIOS CAMPESINOS EN AGUACHICA INVITA A LOS PRESIDENTES DE LAS JUNTAS DE ACCI\u00d3N COMUNAL DE LA ZONA RURAL A UNA REUNI\u00d3N EN EL SENA PARA EL PR\u00d3XIMO 10 DE FEBRERO.<\/strong>"},"content":{"rendered":"\n<p class=\"wp-block-paragraph\">La Asociaci\u00f3n Nacional de Usuarios Campesinos en Aguachica en cabeza de su presidente Yesid S\u00e1nchez Vega, invita a los presidentes de las juntas de acci\u00f3n comunal de la zona rural, para que asistan a una reuni\u00f3n el pr\u00f3ximo 10 de febrero a las 2 de la tarde en el auditorio del Centro Agroempresarial SENA, con el \u00e1nimo de que conozcan todas las bondades y posibilidades de formaci\u00f3n y emprendimiento que ofrece la entidad.<\/p>\n\n\n\n<p class=\"wp-block-paragraph\">En este encuentro los Campesinos tendr\u00e1n la posibilidad de dialogar con la subdirectora (E) Yaleinis Montero, para concertar acciones que permitan apoyarlos en la formulaci\u00f3n de proyectos y la apertura de cursos que les ayuden a sus actividades cotidianas de producci\u00f3n pecuaria y agr\u00edcola.<\/p>\n","protected":false},"excerpt":{"rendered":"<p>La Asociaci\u00f3n Nacional de Usuarios Campesinos en Aguachica en cabeza de su presidente Yesid S\u00e1nchez Vega, invita a los presidentes de las juntas de acci\u00f3n comunal de la zona rural, para que asistan a una reuni\u00f3n el pr\u00f3ximo 10 de febrero a las 2 de la tarde en el auditorio del Centro Agroempresarial SENA, con [&hellip;]<\/p>\n","protected":false},"author":3,"featured_media":0,"comment_status":"open","ping_status":"open","sticky":false,"template":"","format":"standard","meta":{"footnotes":""},"categories":[11,13],"tags":[],"class_list":["post-1854","post","type-post","status-publish","format-standard","hentry","category-local","category-news"],"_links":{"self":[{"href":"https:\/\/camposerranoradio.com\/home\/wp-json\/wp\/v2\/posts\/1854","targetHints":{"allow":["GET"]}}],"collection":[{"href":"https:\/\/camposerranoradio.com\/home\/wp-json\/wp\/v2\/posts"}],"about":[{"href":"https:\/\/camposerranoradio.com\/home\/wp-json\/wp\/v2\/types\/post"}],"author":[{"embeddable":true,"href":"https:\/\/camposerranoradio.com\/home\/wp-json\/wp\/v2\/users\/3"}],"replies":[{"embeddable":true,"href":"https:\/\/camposerranoradio.com\/home\/wp-json\/wp\/v2\/comments?post=1854"}],"version-history":[{"count":1,"href":"https:\/\/camposerranoradio.com\/home\/wp-json\/wp\/v2\/posts\/1854\/revisions"}],"predecessor-version":[{"id":1856,"href":"https:\/\/camposerranoradio.com\/home\/wp-json\/wp\/v2\/posts\/1854\/revisions\/1856"}],"wp:attachment":[{"href":"https:\/\/camposerranoradio.com\/home\/wp-json\/wp\/v2\/media?parent=1854"}],"wp:term":[{"taxonomy":"category","embeddable":true,"href":"https:\/\/camposerranoradio.com\/home\/wp-json\/wp\/v2\/categories?post=1854"},{"taxonomy":"post_tag","embeddable":true,"href":"https:\/\/camposerranoradio.com\/home\/wp-json\/wp\/v2\/tags?post=1854"}],"curies":[{"name":"wp","href":"https:\/\/api.w.org\/{rel}","templated":true}]}}