{"id":1857,"date":"2023-02-06T12:30:36","date_gmt":"2023-02-06T12:30:36","guid":{"rendered":"https:\/\/camposerranoradio.com\/home\/?p=1857"},"modified":"2023-02-06T12:30:37","modified_gmt":"2023-02-06T12:30:37","slug":"la-pelicula-del-cineasta-morrocoyero-guayabo-ganadora-del-premio-del-publico-y-seleccionada-como-la-mejor-pelicula-latinoamericana-en-espana-llega-en-febrero-a-las-salas-de-cine-de-aguachica","status":"publish","type":"post","link":"https:\/\/camposerranoradio.com\/home\/2023\/02\/06\/la-pelicula-del-cineasta-morrocoyero-guayabo-ganadora-del-premio-del-publico-y-seleccionada-como-la-mejor-pelicula-latinoamericana-en-espana-llega-en-febrero-a-las-salas-de-cine-de-aguachica\/","title":{"rendered":"LA PEL\u00cdCULA DEL CINEASTA MORROCOYERO \u00abGUAYABO\u00bb, GANADORA DEL PREMIO DEL P\u00daBLICO Y SELECCIONADA COMO LA MEJOR PEL\u00cdCULA LATINOAMERICANA EN ESPA\u00d1A, LLEGA EN FEBRERO A LAS SALAS DE CINE DE AGUACHICA."},"content":{"rendered":"\n<p class=\"wp-block-paragraph\">GUAYABO (Colombia \u2013 RD), se proyecta este 9 de febrero en la cartelera nacional, de la mano de la distribuidora colombiana Alterna vista SAS. Esta pel\u00edcula colombiana llega a las salas de cine con reconocimientos importantes, luego de un proceso exitoso en festivales.<\/p>\n\n\n\n<p class=\"wp-block-paragraph\">El principal de ellos, el premio del p\u00fablico, entregado en el prestigioso Festival Internacional de Cine de Acci\u00f3n NIAFFs en Espa\u00f1a; as\u00ed mismo obtuvo seis nominaciones en los premios LA SILLA en RD en las categor\u00edas de actor protag\u00f3nico, mejor fotograf\u00eda, mejor VFX, mejor dise\u00f1o sonoro, mejor canci\u00f3n original, y la selecci\u00f3n oficial de competencia a mejor pel\u00edcula iberoamericana en el festival internacional de Sant Andreu de la Barca \u2013 Barcelona.<\/p>\n\n\n\n<p class=\"wp-block-paragraph\">Guayabo cuenta con un elenco de estrellas de tres pa\u00edses,&nbsp; los protagonistas Lenard Vaderaa, (Espa\u00f1a) quien ha participado en varias producciones de&nbsp; Netflix destacando su co protag\u00f3nico en -SIEMPRE BRUJA- en Espa\u00f1a y Colombia;&nbsp; Braian V. Aburaad, talentoso actor Barranquillero, qui\u00e9n particip\u00f3 en las producciones de An\u00edbal Vel\u00e1zquez, Pescadito, Confesionario, M\u00f3vil, \u00c1ngel de mi vida, La Reina Del Sur,&nbsp; y los dominicanos Evelyna Rodr\u00edguez; Danilo Reynoso, productor y actor en&nbsp; la Familia Reyna y Rafaela entre otras; conforman una variada mezcla de actores de&nbsp; Espa\u00f1a, Colombia y RD, que promete darle un paso a una OSCURA Y DIVERTIDA HISTORIA.<\/p>\n\n\n\n<p class=\"wp-block-paragraph\">Su productor y creador, un aguachiquense que se consolida al lado de los grandes del cine colombiano y latinoamericano, vivi\u00f3 hasta sus 21 a\u00f1os en el municipio, donde fue un destacado l\u00edder juvenil, posteriormente migr\u00f3 en busca de oportunidades y estudio, consagr\u00e1ndose en el mundo cinematogr\u00e1fico, llega feliz de poder compartir esta pel\u00edcula, con sus coterr\u00e1neos.<\/p>\n\n\n\n<figure class=\"wp-block-gallery has-nested-images columns-default is-cropped wp-block-gallery-1 is-layout-flex wp-block-gallery-is-layout-flex\">\n<figure class=\"wp-block-image size-large\"><img decoding=\"async\" data-id=\"1859\" src=\"https:\/\/camposerranoradio.com\/home\/wp-content\/uploads\/2023\/02\/WhatsApp-Image-2023-02-06-at-6.28.03-AM-1024x682.jpeg\" alt=\"\" class=\"wp-image-1859\"\/><\/figure>\n\n\n\n<figure class=\"wp-block-image size-large\"><img decoding=\"async\" data-id=\"1860\" src=\"https:\/\/camposerranoradio.com\/home\/wp-content\/uploads\/2023\/02\/WhatsApp-Image-2023-02-06-at-6.28.04-AM-2-1024x682.jpeg\" alt=\"\" class=\"wp-image-1860\"\/><\/figure>\n\n\n\n<figure class=\"wp-block-image size-large\"><img decoding=\"async\" data-id=\"1861\" src=\"https:\/\/camposerranoradio.com\/home\/wp-content\/uploads\/2023\/02\/WhatsApp-Image-2023-02-06-at-6.28.04-AM-3-1024x683.jpeg\" alt=\"\" class=\"wp-image-1861\"\/><\/figure>\n\n\n\n<figure class=\"wp-block-image size-large\"><img decoding=\"async\" data-id=\"1858\" src=\"https:\/\/camposerranoradio.com\/home\/wp-content\/uploads\/2023\/02\/WhatsApp-Image-2023-02-06-at-6.28.05-AM-1024x683.jpeg\" alt=\"\" class=\"wp-image-1858\"\/><\/figure>\n<\/figure>\n","protected":false},"excerpt":{"rendered":"<p>GUAYABO (Colombia \u2013 RD), se proyecta este 9 de febrero en la cartelera nacional, de la mano de la distribuidora colombiana Alterna vista SAS. Esta pel\u00edcula colombiana llega a las salas de cine con reconocimientos importantes, luego de un proceso exitoso en festivales. El principal de ellos, el premio del p\u00fablico, entregado en el prestigioso [&hellip;]<\/p>\n","protected":false},"author":3,"featured_media":0,"comment_status":"open","ping_status":"open","sticky":false,"template":"","format":"standard","meta":{"footnotes":""},"categories":[4,11,17,13],"tags":[],"class_list":["post-1857","post","type-post","status-publish","format-standard","hentry","category-entertainment","category-local","category-nacional","category-news"],"_links":{"self":[{"href":"https:\/\/camposerranoradio.com\/home\/wp-json\/wp\/v2\/posts\/1857","targetHints":{"allow":["GET"]}}],"collection":[{"href":"https:\/\/camposerranoradio.com\/home\/wp-json\/wp\/v2\/posts"}],"about":[{"href":"https:\/\/camposerranoradio.com\/home\/wp-json\/wp\/v2\/types\/post"}],"author":[{"embeddable":true,"href":"https:\/\/camposerranoradio.com\/home\/wp-json\/wp\/v2\/users\/3"}],"replies":[{"embeddable":true,"href":"https:\/\/camposerranoradio.com\/home\/wp-json\/wp\/v2\/comments?post=1857"}],"version-history":[{"count":1,"href":"https:\/\/camposerranoradio.com\/home\/wp-json\/wp\/v2\/posts\/1857\/revisions"}],"predecessor-version":[{"id":1862,"href":"https:\/\/camposerranoradio.com\/home\/wp-json\/wp\/v2\/posts\/1857\/revisions\/1862"}],"wp:attachment":[{"href":"https:\/\/camposerranoradio.com\/home\/wp-json\/wp\/v2\/media?parent=1857"}],"wp:term":[{"taxonomy":"category","embeddable":true,"href":"https:\/\/camposerranoradio.com\/home\/wp-json\/wp\/v2\/categories?post=1857"},{"taxonomy":"post_tag","embeddable":true,"href":"https:\/\/camposerranoradio.com\/home\/wp-json\/wp\/v2\/tags?post=1857"}],"curies":[{"name":"wp","href":"https:\/\/api.w.org\/{rel}","templated":true}]}}