{"id":1866,"date":"2023-02-06T12:43:58","date_gmt":"2023-02-06T12:43:58","guid":{"rendered":"https:\/\/camposerranoradio.com\/home\/?p=1866"},"modified":"2023-02-06T12:43:59","modified_gmt":"2023-02-06T12:43:59","slug":"la-temporada-de-sequia-no-da-tregua-bomberos-atendieron-incendio-forestal-en-el-cerro-de-la-cruz-y-otro-en-el-sector-de-la-cabana-durante-el-fin-de-semana","status":"publish","type":"post","link":"https:\/\/camposerranoradio.com\/home\/2023\/02\/06\/la-temporada-de-sequia-no-da-tregua-bomberos-atendieron-incendio-forestal-en-el-cerro-de-la-cruz-y-otro-en-el-sector-de-la-cabana-durante-el-fin-de-semana\/","title":{"rendered":"\u00a1LA TEMPORADA DE SEQU\u00cdA NO DA TREGUA! BOMBEROS ATENDIERON INCENDIO FORESTAL EN EL CERRO DE LA CRUZ Y OTRO EN EL SECTOR DE LA CABA\u00d1A, DURANTE EL FIN DE SEMANA."},"content":{"rendered":"\n<p class=\"wp-block-paragraph\">A 6 asciende el n\u00famero de emergencias forestales, las que ha tenido que atender el cuerpo de bomberos voluntarios de Aguachica, en lo que va del mes de febrero.<\/p>\n\n\n\n<p class=\"wp-block-paragraph\">El incendio forestal m\u00e1s reciente, se registr\u00f3 en el sector del cerro de la cruz, donde un habitante dio aviso a la estaci\u00f3n de bomberos alertando sobre la emergencia.<\/p>\n\n\n\n<p class=\"wp-block-paragraph\">Hasta el lugar lleg\u00f3 1 unidad del cuerpo de bomberos, quienes realizaron la respectiva valoraci\u00f3n de la situaci\u00f3n, una conflagraci\u00f3n que se presentaba en la parte baja del cerro de la cruz y zona de dif\u00edcil acceso. Con el apoyo de la unidad fue posible controlar las llamas para que no alcanzara la parte de arriba del cerro y evitar m\u00e1s p\u00e9rdida de capa vegetal.<\/p>\n\n\n\n<p class=\"wp-block-paragraph\">Los voluntarios le dieron las respectivas recomendaciones al propietario de las 4 hect\u00e1reas que consumi\u00f3 las llamas, para que est\u00e9 alerta y se eviten estas situaciones de lamentar.<\/p>\n\n\n\n<figure class=\"wp-block-gallery has-nested-images columns-default is-cropped wp-block-gallery-1 is-layout-flex wp-block-gallery-is-layout-flex\">\n<figure class=\"wp-block-image size-large\"><img decoding=\"async\" data-id=\"1867\" src=\"https:\/\/camposerranoradio.com\/home\/wp-content\/uploads\/2023\/02\/WhatsApp-Image-2023-02-06-at-6.28.05-AM-1-1024x768.jpeg\" alt=\"\" class=\"wp-image-1867\"\/><\/figure>\n\n\n\n<figure class=\"wp-block-image size-large\"><img decoding=\"async\" data-id=\"1868\" src=\"https:\/\/camposerranoradio.com\/home\/wp-content\/uploads\/2023\/02\/WhatsApp-Image-2023-02-06-at-6.28.05-AM-2-1024x768.jpeg\" alt=\"\" class=\"wp-image-1868\"\/><\/figure>\n<\/figure>\n","protected":false},"excerpt":{"rendered":"<p>A 6 asciende el n\u00famero de emergencias forestales, las que ha tenido que atender el cuerpo de bomberos voluntarios de Aguachica, en lo que va del mes de febrero. El incendio forestal m\u00e1s reciente, se registr\u00f3 en el sector del cerro de la cruz, donde un habitante dio aviso a la estaci\u00f3n de bomberos alertando [&hellip;]<\/p>\n","protected":false},"author":3,"featured_media":0,"comment_status":"open","ping_status":"open","sticky":false,"template":"","format":"standard","meta":{"footnotes":""},"categories":[11,13],"tags":[],"class_list":["post-1866","post","type-post","status-publish","format-standard","hentry","category-local","category-news"],"_links":{"self":[{"href":"https:\/\/camposerranoradio.com\/home\/wp-json\/wp\/v2\/posts\/1866","targetHints":{"allow":["GET"]}}],"collection":[{"href":"https:\/\/camposerranoradio.com\/home\/wp-json\/wp\/v2\/posts"}],"about":[{"href":"https:\/\/camposerranoradio.com\/home\/wp-json\/wp\/v2\/types\/post"}],"author":[{"embeddable":true,"href":"https:\/\/camposerranoradio.com\/home\/wp-json\/wp\/v2\/users\/3"}],"replies":[{"embeddable":true,"href":"https:\/\/camposerranoradio.com\/home\/wp-json\/wp\/v2\/comments?post=1866"}],"version-history":[{"count":1,"href":"https:\/\/camposerranoradio.com\/home\/wp-json\/wp\/v2\/posts\/1866\/revisions"}],"predecessor-version":[{"id":1869,"href":"https:\/\/camposerranoradio.com\/home\/wp-json\/wp\/v2\/posts\/1866\/revisions\/1869"}],"wp:attachment":[{"href":"https:\/\/camposerranoradio.com\/home\/wp-json\/wp\/v2\/media?parent=1866"}],"wp:term":[{"taxonomy":"category","embeddable":true,"href":"https:\/\/camposerranoradio.com\/home\/wp-json\/wp\/v2\/categories?post=1866"},{"taxonomy":"post_tag","embeddable":true,"href":"https:\/\/camposerranoradio.com\/home\/wp-json\/wp\/v2\/tags?post=1866"}],"curies":[{"name":"wp","href":"https:\/\/api.w.org\/{rel}","templated":true}]}}