{"id":1877,"date":"2023-02-07T12:11:32","date_gmt":"2023-02-07T12:11:32","guid":{"rendered":"https:\/\/camposerranoradio.com\/home\/?p=1877"},"modified":"2023-02-07T12:11:33","modified_gmt":"2023-02-07T12:11:33","slug":"usuarias-de-asmet-salud-podran-realizarse-la-toma-de-mamografia-gratis-hoy-7-y-manana-8-de-febrero-en-el-hospital-sede-idema","status":"publish","type":"post","link":"https:\/\/camposerranoradio.com\/home\/2023\/02\/07\/usuarias-de-asmet-salud-podran-realizarse-la-toma-de-mamografia-gratis-hoy-7-y-manana-8-de-febrero-en-el-hospital-sede-idema\/","title":{"rendered":"<strong>USUARIAS DE ASMET SALUD PODR\u00c1N REALIZARSE LA TOMA DE MAMOGRAF\u00cdA GRATIS HOY 7 Y MA\u00d1ANA 8 DE FEBRERO EN EL HOSPITAL SEDE IDEMA<\/strong>"},"content":{"rendered":"\n<p class=\"wp-block-paragraph\">En el marco de la celebraci\u00f3n del d\u00eda mundial del c\u00e1ncer el 4 de febrero, el hospital local de Aguachica extiende la invitaci\u00f3n a todas las usuarias de ASMET SALUD, r\u00e9gimen subsidiado, que tengan entre 50 y 69 a\u00f1os de edad, a que asistan a las jornadas de tomas de mamograf\u00edas, programadas para hoy 7 y ma\u00f1ana 8 de febrero del 2023 desde las 7am en el hospital sede Idema. Es importante que las mujeres que acudan a esta actividad lleven fotocopia de la c\u00e9dula y cumplan con el requisito de edad establecida.<\/p>\n\n\n\n<p class=\"wp-block-paragraph\">Han sido m\u00e1s de 2.800 tamizajes de c\u00e1ncer de mama los que ha realizado el personal m\u00e9dico del hospital local de Aguachica. Hacerse mamograf\u00edas con regularidad puede reducir el riesgo de morir por c\u00e1ncer de mama. En este momento, una mamograf\u00eda es la mejor manera de detectar el c\u00e1ncer de mama para la mayor\u00eda de las mujeres en edad de hacerse pruebas de detecci\u00f3n.<\/p>\n\n\n\n<p class=\"wp-block-paragraph\">La eficacia que tiene una mamograf\u00eda para detectar c\u00e1ncer de mama es de entre el 71 y el 96%, dependiendo de las caracter\u00edsticas de la mama de cada paciente\u00bb, explica la Organizaci\u00f3n Mundial de la Salud (OMS). Los c\u00e1nceres que causan un mayor n\u00famero anual de muertes son los de pulm\u00f3n, h\u00edgado, est\u00f3mago, colon y mama.<\/p>\n\n\n\n<p class=\"wp-block-paragraph\">Recuerda que vigilar es sin\u00f3nimo de detectar, la estrategia est\u00e1 en tus manos.<\/p>\n","protected":false},"excerpt":{"rendered":"<p>En el marco de la celebraci\u00f3n del d\u00eda mundial del c\u00e1ncer el 4 de febrero, el hospital local de Aguachica extiende la invitaci\u00f3n a todas las usuarias de ASMET SALUD, r\u00e9gimen subsidiado, que tengan entre 50 y 69 a\u00f1os de edad, a que asistan a las jornadas de tomas de mamograf\u00edas, programadas para hoy 7 [&hellip;]<\/p>\n","protected":false},"author":3,"featured_media":0,"comment_status":"open","ping_status":"open","sticky":false,"template":"","format":"standard","meta":{"footnotes":""},"categories":[11,13],"tags":[],"class_list":["post-1877","post","type-post","status-publish","format-standard","hentry","category-local","category-news"],"_links":{"self":[{"href":"https:\/\/camposerranoradio.com\/home\/wp-json\/wp\/v2\/posts\/1877","targetHints":{"allow":["GET"]}}],"collection":[{"href":"https:\/\/camposerranoradio.com\/home\/wp-json\/wp\/v2\/posts"}],"about":[{"href":"https:\/\/camposerranoradio.com\/home\/wp-json\/wp\/v2\/types\/post"}],"author":[{"embeddable":true,"href":"https:\/\/camposerranoradio.com\/home\/wp-json\/wp\/v2\/users\/3"}],"replies":[{"embeddable":true,"href":"https:\/\/camposerranoradio.com\/home\/wp-json\/wp\/v2\/comments?post=1877"}],"version-history":[{"count":1,"href":"https:\/\/camposerranoradio.com\/home\/wp-json\/wp\/v2\/posts\/1877\/revisions"}],"predecessor-version":[{"id":1879,"href":"https:\/\/camposerranoradio.com\/home\/wp-json\/wp\/v2\/posts\/1877\/revisions\/1879"}],"wp:attachment":[{"href":"https:\/\/camposerranoradio.com\/home\/wp-json\/wp\/v2\/media?parent=1877"}],"wp:term":[{"taxonomy":"category","embeddable":true,"href":"https:\/\/camposerranoradio.com\/home\/wp-json\/wp\/v2\/categories?post=1877"},{"taxonomy":"post_tag","embeddable":true,"href":"https:\/\/camposerranoradio.com\/home\/wp-json\/wp\/v2\/tags?post=1877"}],"curies":[{"name":"wp","href":"https:\/\/api.w.org\/{rel}","templated":true}]}}