{"id":1880,"date":"2023-02-07T12:29:18","date_gmt":"2023-02-07T12:29:18","guid":{"rendered":"https:\/\/camposerranoradio.com\/home\/?p=1880"},"modified":"2023-02-07T12:29:19","modified_gmt":"2023-02-07T12:29:19","slug":"asesinado-ubernel-vega-alias-paisa-un-aguachiquense-que-vivia-en-regidor-sur-de-bolivar","status":"publish","type":"post","link":"https:\/\/camposerranoradio.com\/home\/2023\/02\/07\/asesinado-ubernel-vega-alias-paisa-un-aguachiquense-que-vivia-en-regidor-sur-de-bolivar\/","title":{"rendered":"<strong>ASESINADO UBERNEL VEGA AL\u00cdAS \u201cPAISA\u201d UN AGUACHIQUENSE QUE VIV\u00cdA EN REGIDOR, SUR DE BOL\u00cdVAR<\/strong>"},"content":{"rendered":"\n<p class=\"wp-block-paragraph\">En el municipio de Regidor, Sur de Bol\u00edvar, fue encontrado el cuerpo sin vida de Ubernel Vega, m\u00e1s conocido como \u201cpaisa\u201d ayer lunes 6 de febrero, dentro de su establecimiento comercial.<\/p>\n\n\n\n<p class=\"wp-block-paragraph\">Seg\u00fan informaciones suministradas por diferentes medios de comunicaci\u00f3n locales, ciudadanos que transitaban por este sector se extra\u00f1aron al ver la puerta del negocio medio abierta. Intrigados por saber qu\u00e9 pasaba, varias personas se asoman para verificar lo que pasaba, cuando se topan con el cuerpo del \u201cpaisa\u201d tendido en el suelo y con varios impactos de arma de fuego.<\/p>\n\n\n\n<p class=\"wp-block-paragraph\">La comunidad ha se\u00f1alado que podr\u00eda tratarse de un asesinato producto de un robo. Mientras tanto, las autoridades investigan los m\u00f3viles y autores de la muerte de Ubernel Vega y se analizan los videos de las c\u00e1maras de seguridad ubicadas en este sector, para poder identificar a o los responsables de este asesinato.<\/p>\n\n\n\n<p class=\"wp-block-paragraph\">Hoy, una familia Aguachiquense llora la p\u00e9rdida de uno de sus seres queridos, a causa de la delincuencia y la inseguridad. Paz en su tumba y fortaleza a sus familiares.<\/p>\n","protected":false},"excerpt":{"rendered":"<p>En el municipio de Regidor, Sur de Bol\u00edvar, fue encontrado el cuerpo sin vida de Ubernel Vega, m\u00e1s conocido como \u201cpaisa\u201d ayer lunes 6 de febrero, dentro de su establecimiento comercial. Seg\u00fan informaciones suministradas por diferentes medios de comunicaci\u00f3n locales, ciudadanos que transitaban por este sector se extra\u00f1aron al ver la puerta del negocio medio [&hellip;]<\/p>\n","protected":false},"author":3,"featured_media":0,"comment_status":"open","ping_status":"open","sticky":false,"template":"","format":"standard","meta":{"footnotes":""},"categories":[13,5],"tags":[],"class_list":["post-1880","post","type-post","status-publish","format-standard","hentry","category-news","category-regional"],"_links":{"self":[{"href":"https:\/\/camposerranoradio.com\/home\/wp-json\/wp\/v2\/posts\/1880","targetHints":{"allow":["GET"]}}],"collection":[{"href":"https:\/\/camposerranoradio.com\/home\/wp-json\/wp\/v2\/posts"}],"about":[{"href":"https:\/\/camposerranoradio.com\/home\/wp-json\/wp\/v2\/types\/post"}],"author":[{"embeddable":true,"href":"https:\/\/camposerranoradio.com\/home\/wp-json\/wp\/v2\/users\/3"}],"replies":[{"embeddable":true,"href":"https:\/\/camposerranoradio.com\/home\/wp-json\/wp\/v2\/comments?post=1880"}],"version-history":[{"count":1,"href":"https:\/\/camposerranoradio.com\/home\/wp-json\/wp\/v2\/posts\/1880\/revisions"}],"predecessor-version":[{"id":1882,"href":"https:\/\/camposerranoradio.com\/home\/wp-json\/wp\/v2\/posts\/1880\/revisions\/1882"}],"wp:attachment":[{"href":"https:\/\/camposerranoradio.com\/home\/wp-json\/wp\/v2\/media?parent=1880"}],"wp:term":[{"taxonomy":"category","embeddable":true,"href":"https:\/\/camposerranoradio.com\/home\/wp-json\/wp\/v2\/categories?post=1880"},{"taxonomy":"post_tag","embeddable":true,"href":"https:\/\/camposerranoradio.com\/home\/wp-json\/wp\/v2\/tags?post=1880"}],"curies":[{"name":"wp","href":"https:\/\/api.w.org\/{rel}","templated":true}]}}