{"id":1899,"date":"2023-02-08T12:17:22","date_gmt":"2023-02-08T12:17:22","guid":{"rendered":"https:\/\/camposerranoradio.com\/home\/?p=1899"},"modified":"2023-02-08T12:17:23","modified_gmt":"2023-02-08T12:17:23","slug":"madres-comunitarias-del-sur-del-cesar-en-su-2do-dia-de-paro-nacional-protestaron-frente-a-la-alcaldia-de-aguachica","status":"publish","type":"post","link":"https:\/\/camposerranoradio.com\/home\/2023\/02\/08\/madres-comunitarias-del-sur-del-cesar-en-su-2do-dia-de-paro-nacional-protestaron-frente-a-la-alcaldia-de-aguachica\/","title":{"rendered":"<strong>MADRES COMUNITARIAS DEL SUR DEL CESAR EN SU 2DO D\u00cdA DE PARO NACIONAL PROTESTARON FRENTE A LA ALCALD\u00cdA DE AGUACHICA.<\/strong>"},"content":{"rendered":"\n<p class=\"wp-block-paragraph\">En respaldo al paro convocado a partir del 6 de febrero por el Sindicato Nacional de Trabajadoras (es) al Cuidado de la Infancia y Adolescentes del Sistema Nacional de Bienestar Familiar- Sintracihobi, las madres comunitarias y transitadas del Cesar se posaron hoy frente a las instalaciones de la alcald\u00eda de Aguachica buscando llamar la atenci\u00f3n del alcalde y este sirva de mediador para que sus condiciones de trabajo y la de los ni\u00f1os mejoren.<\/p>\n\n\n\n<p class=\"wp-block-paragraph\">Las madres comunitarias del Sur del Cesar, Aguachica, Pailitas, San Mart\u00edn, Pelaya y el&nbsp; corregimiento de San Bernardo se sumaron al paro indefinido nacional, quienes con pancartas, coros y arengas protestaron al frente de las instalaciones de la alcald\u00eda municipal, para exigir que se acabe la tercerizaci\u00f3n de los servicios prestados al Instituto Colombiano de Bienestar Familiar (ICBF), que se contrate a las madres como Trabajadoras oficiales, que tengan derecho a una pensi\u00f3n digna, adem\u00e1s de la exigencia de una minuta de alimentaci\u00f3n adecuada que logr\u00e9 garantizar la nutrici\u00f3n conveniente a la primera infancia.<\/p>\n\n\n\n<p class=\"wp-block-paragraph\">Seg\u00fan el comunicado de Sintracihobi, el paro nacional solo ser\u00e1 levantado cuando sea posible una reuni\u00f3n con el presidente de la Rep\u00fablica Gustavo Petro y se lleguen a&nbsp;acuerdos.<\/p>\n\n\n\n<figure class=\"wp-block-audio\"><audio controls src=\"https:\/\/camposerranoradio.com\/home\/wp-content\/uploads\/2023\/02\/Ania-Guevara-madre-comunitaria-.mp3\"><\/audio><figcaption class=\"wp-element-caption\"><strong>Ania Guevara, madre comunitaria.<\/strong><\/figcaption><\/figure>\n\n\n\n<figure class=\"wp-block-video\"><video controls src=\"https:\/\/camposerranoradio.com\/home\/wp-content\/uploads\/2023\/02\/WhatsApp-Video-2023-02-08-at-5.18.50-AM.mp4\"><\/video><\/figure>\n","protected":false},"excerpt":{"rendered":"<p>En respaldo al paro convocado a partir del 6 de febrero por el Sindicato Nacional de Trabajadoras (es) al Cuidado de la Infancia y Adolescentes del Sistema Nacional de Bienestar Familiar- Sintracihobi, las madres comunitarias y transitadas del Cesar se posaron hoy frente a las instalaciones de la alcald\u00eda de Aguachica buscando llamar la atenci\u00f3n [&hellip;]<\/p>\n","protected":false},"author":3,"featured_media":0,"comment_status":"open","ping_status":"open","sticky":false,"template":"","format":"standard","meta":{"footnotes":""},"categories":[11,13],"tags":[],"class_list":["post-1899","post","type-post","status-publish","format-standard","hentry","category-local","category-news"],"_links":{"self":[{"href":"https:\/\/camposerranoradio.com\/home\/wp-json\/wp\/v2\/posts\/1899","targetHints":{"allow":["GET"]}}],"collection":[{"href":"https:\/\/camposerranoradio.com\/home\/wp-json\/wp\/v2\/posts"}],"about":[{"href":"https:\/\/camposerranoradio.com\/home\/wp-json\/wp\/v2\/types\/post"}],"author":[{"embeddable":true,"href":"https:\/\/camposerranoradio.com\/home\/wp-json\/wp\/v2\/users\/3"}],"replies":[{"embeddable":true,"href":"https:\/\/camposerranoradio.com\/home\/wp-json\/wp\/v2\/comments?post=1899"}],"version-history":[{"count":1,"href":"https:\/\/camposerranoradio.com\/home\/wp-json\/wp\/v2\/posts\/1899\/revisions"}],"predecessor-version":[{"id":1903,"href":"https:\/\/camposerranoradio.com\/home\/wp-json\/wp\/v2\/posts\/1899\/revisions\/1903"}],"wp:attachment":[{"href":"https:\/\/camposerranoradio.com\/home\/wp-json\/wp\/v2\/media?parent=1899"}],"wp:term":[{"taxonomy":"category","embeddable":true,"href":"https:\/\/camposerranoradio.com\/home\/wp-json\/wp\/v2\/categories?post=1899"},{"taxonomy":"post_tag","embeddable":true,"href":"https:\/\/camposerranoradio.com\/home\/wp-json\/wp\/v2\/tags?post=1899"}],"curies":[{"name":"wp","href":"https:\/\/api.w.org\/{rel}","templated":true}]}}