{"id":1904,"date":"2023-02-08T12:40:53","date_gmt":"2023-02-08T12:40:53","guid":{"rendered":"https:\/\/camposerranoradio.com\/home\/?p=1904"},"modified":"2023-02-08T12:40:54","modified_gmt":"2023-02-08T12:40:54","slug":"concejo-municipal-eligio-las-planchas-para-las-comisiones-permanentes-del-ano-2023","status":"publish","type":"post","link":"https:\/\/camposerranoradio.com\/home\/2023\/02\/08\/concejo-municipal-eligio-las-planchas-para-las-comisiones-permanentes-del-ano-2023\/","title":{"rendered":"<strong>CONCEJO MUNICIPAL ELIGI\u00d3 LAS PLANCHAS PARA LAS COMISIONES PERMANENTES DEL A\u00d1O 2023<\/strong>"},"content":{"rendered":"\n<p class=\"wp-block-paragraph\">De cara a un nuevo a\u00f1o y con mucho tinte pol\u00edtico, ayer 6 de febrero en las instalaciones del concejo municipal se llev\u00f3 a cabo la elecci\u00f3n de las planchas que definen las comisiones permanentes y sus representantes en este 2023.<\/p>\n\n\n\n<p class=\"wp-block-paragraph\">Y quedaron definidas de la siguiente manera:<\/p>\n\n\n\n<p class=\"wp-block-paragraph\">COMISI\u00d3N PRIMERA DEL&nbsp;PLAN DE DESARROLLO<\/p>\n\n\n\n<p class=\"wp-block-paragraph\">&#8211;&nbsp;&nbsp;&nbsp;&nbsp;&nbsp;&nbsp;&nbsp;Yocimar Trillos Casta\u00f1eda<\/p>\n\n\n\n<p class=\"wp-block-paragraph\">&#8211;&nbsp;&nbsp;&nbsp;&nbsp;&nbsp;&nbsp;&nbsp;Jorge Holgu\u00edn Suarez<\/p>\n\n\n\n<p class=\"wp-block-paragraph\">&#8211;&nbsp;&nbsp;&nbsp;&nbsp;&nbsp;&nbsp;&nbsp;Helmer Contreras Ortega<\/p>\n\n\n\n<p class=\"wp-block-paragraph\">&#8211;&nbsp;&nbsp;&nbsp;&nbsp;&nbsp;&nbsp;&nbsp;Haiver Jos\u00e9 Navarro Pino<\/p>\n\n\n\n<p class=\"wp-block-paragraph\">&#8211;&nbsp;&nbsp;&nbsp;&nbsp;&nbsp;&nbsp;&nbsp;Jhony Said Jim\u00e9nez Ordo\u00f1ez<\/p>\n\n\n\n<p class=\"wp-block-paragraph\">COMISI\u00d3N SEGUNDA PERMANENTE DE&nbsp;GOBIERNO<\/p>\n\n\n\n<p class=\"wp-block-paragraph\">&#8211;&nbsp;&nbsp;&nbsp;&nbsp;&nbsp;&nbsp;&nbsp;Jos\u00e9 Francisco S\u00e1nchez Vega<\/p>\n\n\n\n<p class=\"wp-block-paragraph\">&#8211;&nbsp;&nbsp;&nbsp;&nbsp;&nbsp;&nbsp;&nbsp;Marcela Pe\u00f1a Garc\u00eda<\/p>\n\n\n\n<p class=\"wp-block-paragraph\">&#8211;&nbsp;&nbsp;&nbsp;&nbsp;&nbsp;&nbsp;&nbsp;Edwuin Estrada Quintero<\/p>\n\n\n\n<p class=\"wp-block-paragraph\">&#8211;&nbsp;&nbsp;&nbsp;&nbsp;&nbsp;&nbsp;&nbsp;Oscar Zarate Tirado<\/p>\n\n\n\n<p class=\"wp-block-paragraph\">&#8211;&nbsp;&nbsp;&nbsp;&nbsp;&nbsp;&nbsp;&nbsp;Leither Alejandro Nu\u00f1ez Yazo<\/p>\n\n\n\n<p class=\"wp-block-paragraph\">COMISI\u00d3N TERCERA PERMANENTE DE PRESUPUESTO Y HACIENDA P\u00daBLICA<\/p>\n\n\n\n<p class=\"wp-block-paragraph\">&#8211;&nbsp;&nbsp;&nbsp;&nbsp;&nbsp;&nbsp;&nbsp;Jairo Alonso Ojeda Perez<\/p>\n\n\n\n<p class=\"wp-block-paragraph\">&#8211;&nbsp;&nbsp;&nbsp;&nbsp;&nbsp;&nbsp;&nbsp;Albeiro Campo Molina<\/p>\n\n\n\n<p class=\"wp-block-paragraph\">&#8211;&nbsp;&nbsp;&nbsp;&nbsp;&nbsp;&nbsp;&nbsp;Martha Cecilia Garc\u00eda Martinez<\/p>\n\n\n\n<p class=\"wp-block-paragraph\">&#8211;&nbsp;&nbsp;&nbsp;&nbsp;&nbsp;&nbsp;&nbsp;Manuel Andres Rangel Quintero<\/p>\n\n\n\n<p class=\"wp-block-paragraph\">&#8211;&nbsp;&nbsp;&nbsp;&nbsp;&nbsp;&nbsp;&nbsp;Andrea Fernanda Jimenez Barragan<\/p>\n\n\n\n<p class=\"wp-block-paragraph\">COMISI\u00d3N LEGAL PARA LA EQUIDAD Y LA MUJER<\/p>\n\n\n\n<p class=\"wp-block-paragraph\">&#8211;&nbsp;&nbsp;&nbsp;&nbsp;&nbsp;&nbsp;&nbsp;Marcela Pe\u00f1a Garc\u00eda<\/p>\n\n\n\n<p class=\"wp-block-paragraph\">&#8211;&nbsp;&nbsp;&nbsp;&nbsp;&nbsp;&nbsp;&nbsp;Martha Garc\u00eda Martinez<\/p>\n\n\n\n<p class=\"wp-block-paragraph\">&#8211;&nbsp;&nbsp;&nbsp;&nbsp;&nbsp;&nbsp;&nbsp;Andrea Fernanda Jimenez Barragan<\/p>\n\n\n\n<p class=\"wp-block-paragraph\">&#8211;&nbsp;&nbsp;&nbsp;&nbsp;&nbsp;&nbsp;&nbsp;Edwuin Estrada Quintero<\/p>\n\n\n\n<p class=\"wp-block-paragraph\">&#8211;&nbsp;&nbsp;&nbsp;&nbsp;&nbsp;&nbsp;&nbsp;Helmer Conteras Ortega<\/p>\n\n\n\n<p class=\"wp-block-paragraph\">COMISI\u00d3N DE \u00c9TICA<\/p>\n\n\n\n<p class=\"wp-block-paragraph\">&#8211;&nbsp;&nbsp;&nbsp;&nbsp;&nbsp;&nbsp;&nbsp;Jose Francisco Sanchez Vega<\/p>\n\n\n\n<p class=\"wp-block-paragraph\">&#8211;&nbsp;&nbsp;&nbsp;&nbsp;&nbsp;&nbsp;&nbsp;Yocimar Trillos Casta\u00f1eda<\/p>\n\n\n\n<p class=\"wp-block-paragraph\">&#8211;&nbsp;&nbsp;&nbsp;&nbsp;&nbsp;&nbsp;&nbsp;Manuel Andres Rangel Quintero &nbsp;<\/p>\n\n\n\n<p class=\"wp-block-paragraph\">Entre tanto, los ediles est\u00e1n a la espera de la radicaci\u00f3n de proyectos de acuerdo por parte de la administraci\u00f3n municipal, para darle los respectivos estudios y debates, igualmente los controles pol\u00edticos que como concejales deben hacerles a las instituciones, sin dejar de lado, que todas las acciones que se emprendan desde la corporaci\u00f3n edilicia sean para brindar bienestar y calidad de vida a la comunidad Aguachiquense.<\/p>\n","protected":false},"excerpt":{"rendered":"<p>De cara a un nuevo a\u00f1o y con mucho tinte pol\u00edtico, ayer 6 de febrero en las instalaciones del concejo municipal se llev\u00f3 a cabo la elecci\u00f3n de las planchas que definen las comisiones permanentes y sus representantes en este 2023. Y quedaron definidas de la siguiente manera: COMISI\u00d3N PRIMERA DEL&nbsp;PLAN DE DESARROLLO &#8211;&nbsp;&nbsp;&nbsp;&nbsp;&nbsp;&nbsp;&nbsp;Yocimar Trillos [&hellip;]<\/p>\n","protected":false},"author":3,"featured_media":0,"comment_status":"open","ping_status":"open","sticky":false,"template":"","format":"standard","meta":{"footnotes":""},"categories":[11,13],"tags":[],"class_list":["post-1904","post","type-post","status-publish","format-standard","hentry","category-local","category-news"],"_links":{"self":[{"href":"https:\/\/camposerranoradio.com\/home\/wp-json\/wp\/v2\/posts\/1904","targetHints":{"allow":["GET"]}}],"collection":[{"href":"https:\/\/camposerranoradio.com\/home\/wp-json\/wp\/v2\/posts"}],"about":[{"href":"https:\/\/camposerranoradio.com\/home\/wp-json\/wp\/v2\/types\/post"}],"author":[{"embeddable":true,"href":"https:\/\/camposerranoradio.com\/home\/wp-json\/wp\/v2\/users\/3"}],"replies":[{"embeddable":true,"href":"https:\/\/camposerranoradio.com\/home\/wp-json\/wp\/v2\/comments?post=1904"}],"version-history":[{"count":1,"href":"https:\/\/camposerranoradio.com\/home\/wp-json\/wp\/v2\/posts\/1904\/revisions"}],"predecessor-version":[{"id":1906,"href":"https:\/\/camposerranoradio.com\/home\/wp-json\/wp\/v2\/posts\/1904\/revisions\/1906"}],"wp:attachment":[{"href":"https:\/\/camposerranoradio.com\/home\/wp-json\/wp\/v2\/media?parent=1904"}],"wp:term":[{"taxonomy":"category","embeddable":true,"href":"https:\/\/camposerranoradio.com\/home\/wp-json\/wp\/v2\/categories?post=1904"},{"taxonomy":"post_tag","embeddable":true,"href":"https:\/\/camposerranoradio.com\/home\/wp-json\/wp\/v2\/tags?post=1904"}],"curies":[{"name":"wp","href":"https:\/\/api.w.org\/{rel}","templated":true}]}}