{"id":1907,"date":"2023-02-08T12:53:10","date_gmt":"2023-02-08T12:53:10","guid":{"rendered":"https:\/\/camposerranoradio.com\/home\/?p=1907"},"modified":"2023-02-08T12:53:11","modified_gmt":"2023-02-08T12:53:11","slug":"aguachica-ciudad-futuro-es-el-segundo-movimiento-politico-que-aspira-llegar-a-la-alcaldia-de-aguachica","status":"publish","type":"post","link":"https:\/\/camposerranoradio.com\/home\/2023\/02\/08\/aguachica-ciudad-futuro-es-el-segundo-movimiento-politico-que-aspira-llegar-a-la-alcaldia-de-aguachica\/","title":{"rendered":"<strong>\u201cAGUACHICA CIUDAD FUTURO\u201d ES EL SEGUNDO MOVIMIENTO POL\u00cdTICO QUE ASPIRA LLEGAR A LA ALCALD\u00cdA DE AGUACHICA<\/strong>"},"content":{"rendered":"\n<p class=\"wp-block-paragraph\">EL martes en horas de la tarde, se conoci\u00f3 la segunda inscripci\u00f3n de un movimiento significativo rumbo a la alcald\u00eda de la segunda ciudad del Cesar que lleva por nombre \u00abAguachica ciudad futuro\u00bb<\/p>\n\n\n\n<p class=\"wp-block-paragraph\">Este movimiento est\u00e1 conformado por profesionales de la ingenier\u00eda, psic\u00f3logos, arquitectos, abogados, m\u00e9dicos, economistas, al igual que l\u00edderes de diferentes sectores de Aguachica que buscan generar una propuesta diferente para la administraci\u00f3n del municipio.<\/p>\n\n\n\n<p class=\"wp-block-paragraph\">El Ing. Fernando Caballero Garc\u00eda lidera este grupo que busca proyectar una ciudad a 30 a\u00f1os. Este grupo significativo tiene en su plan estrat\u00e9gico recoger 20 mil firmas para avalar la candidatura.<\/p>\n\n\n\n<p class=\"wp-block-paragraph\">Desde ya est\u00e9 grupo hizo efectiva la inscripci\u00f3n para la recolecci\u00f3n de firmas y cuentan con las planillas para iniciar la recolecci\u00f3n.<\/p>\n\n\n\n<p class=\"wp-block-paragraph\">14.925 mil firmas v\u00e1lidas por la Registradur\u00eda requieren como m\u00ednimo el Grupo Significativo de Ciudadanos (GSC) para inscribir su candidatura a la alcald\u00eda del municipio de Aguachica, en el mes de julio.<\/p>\n\n\n\n<p class=\"wp-block-paragraph\">\u201cAguachica ciudad futuro\u201d es un movimiento independiente que nace bajo la necesidad de proyectar y organizar una ciudad regi\u00f3n en 30 a\u00f1os con oportunidades para todos.<\/p>\n","protected":false},"excerpt":{"rendered":"<p>EL martes en horas de la tarde, se conoci\u00f3 la segunda inscripci\u00f3n de un movimiento significativo rumbo a la alcald\u00eda de la segunda ciudad del Cesar que lleva por nombre \u00abAguachica ciudad futuro\u00bb Este movimiento est\u00e1 conformado por profesionales de la ingenier\u00eda, psic\u00f3logos, arquitectos, abogados, m\u00e9dicos, economistas, al igual que l\u00edderes de diferentes sectores de [&hellip;]<\/p>\n","protected":false},"author":3,"featured_media":0,"comment_status":"open","ping_status":"open","sticky":false,"template":"","format":"standard","meta":{"footnotes":""},"categories":[11,13,14],"tags":[],"class_list":["post-1907","post","type-post","status-publish","format-standard","hentry","category-local","category-news","category-politica"],"_links":{"self":[{"href":"https:\/\/camposerranoradio.com\/home\/wp-json\/wp\/v2\/posts\/1907","targetHints":{"allow":["GET"]}}],"collection":[{"href":"https:\/\/camposerranoradio.com\/home\/wp-json\/wp\/v2\/posts"}],"about":[{"href":"https:\/\/camposerranoradio.com\/home\/wp-json\/wp\/v2\/types\/post"}],"author":[{"embeddable":true,"href":"https:\/\/camposerranoradio.com\/home\/wp-json\/wp\/v2\/users\/3"}],"replies":[{"embeddable":true,"href":"https:\/\/camposerranoradio.com\/home\/wp-json\/wp\/v2\/comments?post=1907"}],"version-history":[{"count":1,"href":"https:\/\/camposerranoradio.com\/home\/wp-json\/wp\/v2\/posts\/1907\/revisions"}],"predecessor-version":[{"id":1909,"href":"https:\/\/camposerranoradio.com\/home\/wp-json\/wp\/v2\/posts\/1907\/revisions\/1909"}],"wp:attachment":[{"href":"https:\/\/camposerranoradio.com\/home\/wp-json\/wp\/v2\/media?parent=1907"}],"wp:term":[{"taxonomy":"category","embeddable":true,"href":"https:\/\/camposerranoradio.com\/home\/wp-json\/wp\/v2\/categories?post=1907"},{"taxonomy":"post_tag","embeddable":true,"href":"https:\/\/camposerranoradio.com\/home\/wp-json\/wp\/v2\/tags?post=1907"}],"curies":[{"name":"wp","href":"https:\/\/api.w.org\/{rel}","templated":true}]}}