{"id":1974,"date":"2023-02-14T12:31:27","date_gmt":"2023-02-14T12:31:27","guid":{"rendered":"https:\/\/camposerranoradio.com\/home\/?p=1974"},"modified":"2023-02-14T12:36:27","modified_gmt":"2023-02-14T12:36:27","slug":"habitantes-del-barrio-romero-diaz-denuncian-amanecedero-ilegal-que-funciona-los-fines-de-semana-en-el-sector","status":"publish","type":"post","link":"https:\/\/camposerranoradio.com\/home\/2023\/02\/14\/habitantes-del-barrio-romero-diaz-denuncian-amanecedero-ilegal-que-funciona-los-fines-de-semana-en-el-sector\/","title":{"rendered":"<strong>HABITANTES DEL BARRIO ROMERO D\u00cdAZ DENUNCIAN AMANECEDERO ILEGAL QUE FUNCIONA LOS FINES DE SEMANA EN EL SECTOR<\/strong>"},"content":{"rendered":"\n<p class=\"wp-block-paragraph\">Y como si no bastara con la ola de inseguridad que tiene azotado a nuestro municipio, en el barrio Romero Diaz, sus habitantes deben lidiar los fines de semana con una casa esquinera que se convierte en un amanecedero y el lugar de encuentro de personas que consumen sustancias psicoactivas, ocasionando des\u00f3rdenes, contaminaci\u00f3n ambiental, auditiva y visual, debido a que consumen todo tipo de droga en las afueras de esta casa, a la vista de los menores y personas adultas, quienes ya no soportan m\u00e1s la situaci\u00f3n.<\/p>\n\n\n\n<p class=\"wp-block-paragraph\">Es tal el punto de descontrol que se genera en este lugar, que las personas que all\u00ed llegan en alto estado de embriaguez se orinan, se vomitan y hacen del cuerpo cerca de las otras viviendas del sector.<\/p>\n\n\n\n<p class=\"wp-block-paragraph\">Los habitantes del barrio Romero Diaz, decidieron callar la situaci\u00f3n por un buen tiempo, temerosos de que si denunciaban p\u00fablicamente este problema las personas que acuden a este sitio puedan emprender represalias contra los denunciantes; por ese motivo la denuncia se hace de manera an\u00f3nima, pero con toda la intenci\u00f3n de que las autoridades competentes se apersone de la situaci\u00f3n y tomen cartas en el asunto para la tranquilidad y seguridad de los Aguachiquenses.<\/p>\n\n\n\n<figure class=\"wp-block-audio\"><audio controls src=\"https:\/\/camposerranoradio.com\/home\/wp-content\/uploads\/2023\/02\/DENUNCIA-BARRIO-ROMERO-DIAZ.mp3\"><\/audio><\/figure>\n","protected":false},"excerpt":{"rendered":"<p>Y como si no bastara con la ola de inseguridad que tiene azotado a nuestro municipio, en el barrio Romero Diaz, sus habitantes deben lidiar los fines de semana con una casa esquinera que se convierte en un amanecedero y el lugar de encuentro de personas que consumen sustancias psicoactivas, ocasionando des\u00f3rdenes, contaminaci\u00f3n ambiental, auditiva [&hellip;]<\/p>\n","protected":false},"author":3,"featured_media":0,"comment_status":"open","ping_status":"open","sticky":false,"template":"","format":"standard","meta":{"footnotes":""},"categories":[11,13],"tags":[],"class_list":["post-1974","post","type-post","status-publish","format-standard","hentry","category-local","category-news"],"_links":{"self":[{"href":"https:\/\/camposerranoradio.com\/home\/wp-json\/wp\/v2\/posts\/1974","targetHints":{"allow":["GET"]}}],"collection":[{"href":"https:\/\/camposerranoradio.com\/home\/wp-json\/wp\/v2\/posts"}],"about":[{"href":"https:\/\/camposerranoradio.com\/home\/wp-json\/wp\/v2\/types\/post"}],"author":[{"embeddable":true,"href":"https:\/\/camposerranoradio.com\/home\/wp-json\/wp\/v2\/users\/3"}],"replies":[{"embeddable":true,"href":"https:\/\/camposerranoradio.com\/home\/wp-json\/wp\/v2\/comments?post=1974"}],"version-history":[{"count":2,"href":"https:\/\/camposerranoradio.com\/home\/wp-json\/wp\/v2\/posts\/1974\/revisions"}],"predecessor-version":[{"id":1978,"href":"https:\/\/camposerranoradio.com\/home\/wp-json\/wp\/v2\/posts\/1974\/revisions\/1978"}],"wp:attachment":[{"href":"https:\/\/camposerranoradio.com\/home\/wp-json\/wp\/v2\/media?parent=1974"}],"wp:term":[{"taxonomy":"category","embeddable":true,"href":"https:\/\/camposerranoradio.com\/home\/wp-json\/wp\/v2\/categories?post=1974"},{"taxonomy":"post_tag","embeddable":true,"href":"https:\/\/camposerranoradio.com\/home\/wp-json\/wp\/v2\/tags?post=1974"}],"curies":[{"name":"wp","href":"https:\/\/api.w.org\/{rel}","templated":true}]}}