{"id":2051,"date":"2023-02-20T12:26:14","date_gmt":"2023-02-20T12:26:14","guid":{"rendered":"https:\/\/camposerranoradio.com\/home\/?p=2051"},"modified":"2023-02-20T12:26:14","modified_gmt":"2023-02-20T12:26:14","slug":"muere-mujer-en-aparatoso-accidente-de-transito-en-la-via-cerro-de-los-chivos-norean","status":"publish","type":"post","link":"https:\/\/camposerranoradio.com\/home\/2023\/02\/20\/muere-mujer-en-aparatoso-accidente-de-transito-en-la-via-cerro-de-los-chivos-norean\/","title":{"rendered":"<strong>MUERE MUJER EN APARATOSO ACCIDENTE DE TR\u00c1NSITO EN LA V\u00cdA CERRO DE LOS CHIVOS &#8211; NOREAN<\/strong>"},"content":{"rendered":"\n<p class=\"wp-block-paragraph\">Un grave accidente de tr\u00e1nsito se registr\u00f3 durante la ma\u00f1ana del domingo 19 de Febrero, en la v\u00eda Cerro de los Chivos a Norean, m\u00e1s exactamente en el sitio conocido como El C\u00e1rcamo, dejando como saldo una mujer fallecida.<\/p>\n\n\n\n<p class=\"wp-block-paragraph\">Las autoridades de tr\u00e1nsito del Sur del Cesar llegaron hasta el lugar de los hechos para inspeccionar y realizar el respectivo levantamiento del cad\u00e1ver de Reina Katerine Villegas Reyes de 28 a\u00f1os de edad, quien se movilizaba en una motocicleta en compa\u00f1\u00eda de un hombre identificado como Jhon Esmith Vega, quien tambi\u00e9n result\u00f3 herido en el suceso.<\/p>\n\n\n\n<p class=\"wp-block-paragraph\">El siniestro vial ocurri\u00f3 cuando Reina y Jhon circulaban por este sector, y de repente fueron arrollados por un tracto cami\u00f3n.<\/p>\n\n\n\n<p class=\"wp-block-paragraph\">La v\u00edctima vest\u00eda una sudadera negra con rayas blancas, tenis blancos, una chaqueta blanca y un bolso tipo canguro rojo.<\/p>\n\n\n\n<p class=\"wp-block-paragraph\">Por el momento, se desconoce si este suceso ocurri\u00f3 debido a exceso de velocidad o alguna imprudencia, pero es materia de investigaci\u00f3n por parte de las autoridades.<\/p>\n\n\n\n<p class=\"wp-block-paragraph\">Paz en su tumba y fortaleza para sus familiares.<\/p>\n","protected":false},"excerpt":{"rendered":"<p>Un grave accidente de tr\u00e1nsito se registr\u00f3 durante la ma\u00f1ana del domingo 19 de Febrero, en la v\u00eda Cerro de los Chivos a Norean, m\u00e1s exactamente en el sitio conocido como El C\u00e1rcamo, dejando como saldo una mujer fallecida. Las autoridades de tr\u00e1nsito del Sur del Cesar llegaron hasta el lugar de los hechos para [&hellip;]<\/p>\n","protected":false},"author":3,"featured_media":0,"comment_status":"open","ping_status":"open","sticky":false,"template":"","format":"standard","meta":{"footnotes":""},"categories":[11,13],"tags":[],"class_list":["post-2051","post","type-post","status-publish","format-standard","hentry","category-local","category-news"],"_links":{"self":[{"href":"https:\/\/camposerranoradio.com\/home\/wp-json\/wp\/v2\/posts\/2051","targetHints":{"allow":["GET"]}}],"collection":[{"href":"https:\/\/camposerranoradio.com\/home\/wp-json\/wp\/v2\/posts"}],"about":[{"href":"https:\/\/camposerranoradio.com\/home\/wp-json\/wp\/v2\/types\/post"}],"author":[{"embeddable":true,"href":"https:\/\/camposerranoradio.com\/home\/wp-json\/wp\/v2\/users\/3"}],"replies":[{"embeddable":true,"href":"https:\/\/camposerranoradio.com\/home\/wp-json\/wp\/v2\/comments?post=2051"}],"version-history":[{"count":1,"href":"https:\/\/camposerranoradio.com\/home\/wp-json\/wp\/v2\/posts\/2051\/revisions"}],"predecessor-version":[{"id":2053,"href":"https:\/\/camposerranoradio.com\/home\/wp-json\/wp\/v2\/posts\/2051\/revisions\/2053"}],"wp:attachment":[{"href":"https:\/\/camposerranoradio.com\/home\/wp-json\/wp\/v2\/media?parent=2051"}],"wp:term":[{"taxonomy":"category","embeddable":true,"href":"https:\/\/camposerranoradio.com\/home\/wp-json\/wp\/v2\/categories?post=2051"},{"taxonomy":"post_tag","embeddable":true,"href":"https:\/\/camposerranoradio.com\/home\/wp-json\/wp\/v2\/tags?post=2051"}],"curies":[{"name":"wp","href":"https:\/\/api.w.org\/{rel}","templated":true}]}}