{"id":2080,"date":"2023-02-21T12:48:18","date_gmt":"2023-02-21T12:48:18","guid":{"rendered":"https:\/\/camposerranoradio.com\/home\/?p=2080"},"modified":"2023-02-21T12:48:19","modified_gmt":"2023-02-21T12:48:19","slug":"jornada-de-servicios-con-la-dian-se-llevara-a-cabo-el-sabado-25-de-febrero-en-la-camara-de-comercio-de-aguachica","status":"publish","type":"post","link":"https:\/\/camposerranoradio.com\/home\/2023\/02\/21\/jornada-de-servicios-con-la-dian-se-llevara-a-cabo-el-sabado-25-de-febrero-en-la-camara-de-comercio-de-aguachica\/","title":{"rendered":"JORNADA DE SERVICIOS CON LA DIAN SE LLEVAR\u00c1 A CABO EL S\u00c1BADO 25 DE FEBRERO EN LA C\u00c1MARA DE COMERCIO DE AGUACHICA"},"content":{"rendered":"\n<p class=\"wp-block-paragraph\">La C\u00e1mara De Comercio de Aguachica en articulaci\u00f3n con la Direcci\u00f3n de Impuestos y aduanas Nacionales (DIAN) Seccional Valledupar, invita a todos los empresarios y la ciudadan\u00eda en general a una extensiva jornada de servicios con la DIAN, que se llevar\u00e1 a cabo el s\u00e1bado 25\/Feb. en el Auditorio Eduardo Bula, ubicado en las instalaciones de nuestra entidad, desde las 8am hasta la 1pm y de 2pm a 4pm<\/p>\n\n\n\n<p class=\"wp-block-paragraph\">Los servicios a los cuales la DIAN estar\u00e1 dando tr\u00e1mite son:<\/p>\n\n\n\n<p class=\"wp-block-paragraph\">1. Inscripci\u00f3n de RUT de Personas Jur\u00eddicas como consorcios, Uniones Temporales, JAC, Propiedad Horizontal entre otros y Persona Natural.<\/p>\n\n\n\n<p class=\"wp-block-paragraph\">2. Inscripci\u00f3n\/Actualizaci\u00f3n RUT Sucesiones il\u00edquidas&nbsp;<\/p>\n\n\n\n<p class=\"wp-block-paragraph\">Para poder ser parte de esta jornada de servicios con la DIAN, deben inscribirse a trav\u00e9s del enlace que dejaremos publicado junto a la nota en nuestra p\u00e1gina de Facebook Campo Serrano Radio.<\/p>\n\n\n\n<p class=\"wp-block-paragraph\"><a href=\"https:\/\/docs.google.com\/forms\/d\/1pV8Sz5Eyld2Yst-Ib4LStzt4BMv3KY7nZYgX8Jxz1N0\/edit\">https:\/\/docs.google.com\/forms\/d\/1pV8Sz5Eyld2Yst-Ib4LStzt4BMv3KY7nZYgX8Jxz1N0\/edit<\/a><\/p>\n\n\n\n<p class=\"wp-block-paragraph\">Es importante que tenga en cuenta que est\u00e1 jornada no tiene ning\u00fan costo.<\/p>\n","protected":false},"excerpt":{"rendered":"<p>La C\u00e1mara De Comercio de Aguachica en articulaci\u00f3n con la Direcci\u00f3n de Impuestos y aduanas Nacionales (DIAN) Seccional Valledupar, invita a todos los empresarios y la ciudadan\u00eda en general a una extensiva jornada de servicios con la DIAN, que se llevar\u00e1 a cabo el s\u00e1bado 25\/Feb. en el Auditorio Eduardo Bula, ubicado en las instalaciones [&hellip;]<\/p>\n","protected":false},"author":3,"featured_media":0,"comment_status":"open","ping_status":"open","sticky":false,"template":"","format":"standard","meta":{"footnotes":""},"categories":[11,13,5],"tags":[],"class_list":["post-2080","post","type-post","status-publish","format-standard","hentry","category-local","category-news","category-regional"],"_links":{"self":[{"href":"https:\/\/camposerranoradio.com\/home\/wp-json\/wp\/v2\/posts\/2080","targetHints":{"allow":["GET"]}}],"collection":[{"href":"https:\/\/camposerranoradio.com\/home\/wp-json\/wp\/v2\/posts"}],"about":[{"href":"https:\/\/camposerranoradio.com\/home\/wp-json\/wp\/v2\/types\/post"}],"author":[{"embeddable":true,"href":"https:\/\/camposerranoradio.com\/home\/wp-json\/wp\/v2\/users\/3"}],"replies":[{"embeddable":true,"href":"https:\/\/camposerranoradio.com\/home\/wp-json\/wp\/v2\/comments?post=2080"}],"version-history":[{"count":1,"href":"https:\/\/camposerranoradio.com\/home\/wp-json\/wp\/v2\/posts\/2080\/revisions"}],"predecessor-version":[{"id":2082,"href":"https:\/\/camposerranoradio.com\/home\/wp-json\/wp\/v2\/posts\/2080\/revisions\/2082"}],"wp:attachment":[{"href":"https:\/\/camposerranoradio.com\/home\/wp-json\/wp\/v2\/media?parent=2080"}],"wp:term":[{"taxonomy":"category","embeddable":true,"href":"https:\/\/camposerranoradio.com\/home\/wp-json\/wp\/v2\/categories?post=2080"},{"taxonomy":"post_tag","embeddable":true,"href":"https:\/\/camposerranoradio.com\/home\/wp-json\/wp\/v2\/tags?post=2080"}],"curies":[{"name":"wp","href":"https:\/\/api.w.org\/{rel}","templated":true}]}}