{"id":2083,"date":"2023-02-21T12:58:06","date_gmt":"2023-02-21T12:58:06","guid":{"rendered":"https:\/\/camposerranoradio.com\/home\/?p=2083"},"modified":"2023-02-21T12:58:06","modified_gmt":"2023-02-21T12:58:06","slug":"secretario-de-hacienda-municipal-no-se-presento-a-la-sesion-de-control-politico-citada-por-la-corporacion-edilicia-de-aguachica","status":"publish","type":"post","link":"https:\/\/camposerranoradio.com\/home\/2023\/02\/21\/secretario-de-hacienda-municipal-no-se-presento-a-la-sesion-de-control-politico-citada-por-la-corporacion-edilicia-de-aguachica\/","title":{"rendered":"<strong>SECRETARIO DE HACIENDA MUNICIPAL NO SE PRESENT\u00d3 A LA SESI\u00d3N DE CONTROL POL\u00cdTICO CITADA POR LA CORPORACI\u00d3N EDILICIA DE AGUACHICA<\/strong>"},"content":{"rendered":"\n<p class=\"wp-block-paragraph\">Mediante la proposici\u00f3n #004 del 9 de Febrero del 2023, que fue presentada por el concejal Jos\u00e9 Francisco S\u00e1nchez Vega, del partido de la U, se cit\u00f3 a control pol\u00edtico al secretario de hacienda del municipio de Aguachica, Efr\u00e9n Peinado, para el d\u00eda de ayer 20 febrero desde las 9am, pero el funcionario no asisti\u00f3 a la sesi\u00f3n, ni envi\u00f3 los documentos que desde la corporaci\u00f3n edilicia se le solicitaron para conocer c\u00f3mo se han gastado, cu\u00e1nto se ha invertido, con qu\u00e9 cuenta el municipio y las proyecciones de este a\u00f1o para las finanzas municipales.<\/p>\n\n\n\n<p class=\"wp-block-paragraph\">El funcionario que no asisti\u00f3, ni envi\u00f3 representaci\u00f3n, pero s\u00ed una nota de excusa ante el concejo, donde seg\u00fan el secretario, no asistir\u00e1 a la sesi\u00f3n por inconvenientes internos del software en el que reposa la informaci\u00f3n requerida.<\/p>\n\n\n\n<p class=\"wp-block-paragraph\">Esta es una conducta que se ha vuelto habitual entre algunos de los funcionarios de esta administraci\u00f3n, quienes desde el a\u00f1o 2022 con excusas previas y hasta pocas horas antes de las sesiones de control pol\u00edtico, informaban sobre su falta en el recinto.<\/p>\n\n\n\n<p class=\"wp-block-paragraph\">El equipo period\u00edstico de la primera emisi\u00f3n del Magazine 96.7, dialog\u00f3 con el concejal Leither Nu\u00f1ez, expresidente del concejo, quien cont\u00f3 la situaci\u00f3n vivida dentro de las instalaciones de la corporaci\u00f3n edilicia y las conclusiones de la sesi\u00f3n.<\/p>\n\n\n\n<figure class=\"wp-block-audio\"><audio controls src=\"https:\/\/camposerranoradio.com\/home\/wp-content\/uploads\/2023\/02\/LEITHER-NUNEZ-CONCEJAL.mp3\"><\/audio><figcaption class=\"wp-element-caption\">concejal Leither Nu\u00f1ez<\/figcaption><\/figure>\n","protected":false},"excerpt":{"rendered":"<p>Mediante la proposici\u00f3n #004 del 9 de Febrero del 2023, que fue presentada por el concejal Jos\u00e9 Francisco S\u00e1nchez Vega, del partido de la U, se cit\u00f3 a control pol\u00edtico al secretario de hacienda del municipio de Aguachica, Efr\u00e9n Peinado, para el d\u00eda de ayer 20 febrero desde las 9am, pero el funcionario no asisti\u00f3 [&hellip;]<\/p>\n","protected":false},"author":3,"featured_media":0,"comment_status":"open","ping_status":"open","sticky":false,"template":"","format":"standard","meta":{"footnotes":""},"categories":[11,13],"tags":[],"class_list":["post-2083","post","type-post","status-publish","format-standard","hentry","category-local","category-news"],"_links":{"self":[{"href":"https:\/\/camposerranoradio.com\/home\/wp-json\/wp\/v2\/posts\/2083","targetHints":{"allow":["GET"]}}],"collection":[{"href":"https:\/\/camposerranoradio.com\/home\/wp-json\/wp\/v2\/posts"}],"about":[{"href":"https:\/\/camposerranoradio.com\/home\/wp-json\/wp\/v2\/types\/post"}],"author":[{"embeddable":true,"href":"https:\/\/camposerranoradio.com\/home\/wp-json\/wp\/v2\/users\/3"}],"replies":[{"embeddable":true,"href":"https:\/\/camposerranoradio.com\/home\/wp-json\/wp\/v2\/comments?post=2083"}],"version-history":[{"count":1,"href":"https:\/\/camposerranoradio.com\/home\/wp-json\/wp\/v2\/posts\/2083\/revisions"}],"predecessor-version":[{"id":2086,"href":"https:\/\/camposerranoradio.com\/home\/wp-json\/wp\/v2\/posts\/2083\/revisions\/2086"}],"wp:attachment":[{"href":"https:\/\/camposerranoradio.com\/home\/wp-json\/wp\/v2\/media?parent=2083"}],"wp:term":[{"taxonomy":"category","embeddable":true,"href":"https:\/\/camposerranoradio.com\/home\/wp-json\/wp\/v2\/categories?post=2083"},{"taxonomy":"post_tag","embeddable":true,"href":"https:\/\/camposerranoradio.com\/home\/wp-json\/wp\/v2\/tags?post=2083"}],"curies":[{"name":"wp","href":"https:\/\/api.w.org\/{rel}","templated":true}]}}