{"id":2087,"date":"2023-02-21T13:24:56","date_gmt":"2023-02-21T13:24:56","guid":{"rendered":"https:\/\/camposerranoradio.com\/home\/?p=2087"},"modified":"2023-02-21T13:24:56","modified_gmt":"2023-02-21T13:24:56","slug":"capturan-a-un-hombre-menor-de-edad-por-el-delito-de-hurto-en-aguachica-la-policia-pudo-recuperar-la-motocicleta-que-pretendia-robarse","status":"publish","type":"post","link":"https:\/\/camposerranoradio.com\/home\/2023\/02\/21\/capturan-a-un-hombre-menor-de-edad-por-el-delito-de-hurto-en-aguachica-la-policia-pudo-recuperar-la-motocicleta-que-pretendia-robarse\/","title":{"rendered":"<strong>CAPTURAN A UN HOMBRE MENOR DE EDAD POR EL DELITO DE HURTO EN AGUACHICA. LA POLIC\u00cdA PUDO RECUPERAR LA MOTOCICLETA QUE PRETEND\u00cdA ROBARSE<\/strong>"},"content":{"rendered":"\n<p class=\"wp-block-paragraph\">Ayer 20 de febrero, hasta una patrulla de la polic\u00eda, que se encontraba haciendo labores de registro y control, se acerca un joven quien les manifiesta a los agentes de manera angustiada y pidiendo auxilio, haber sido v\u00edctima del hurto de su motocicleta, una Bws roja, un minuto antes, cuando bajaba por la calle de CENS y que la hurtaron dos hombres que iban a bordo de una moto Boxer negra, quienes lo intimidaron con arma de fuego.<\/p>\n\n\n\n<p class=\"wp-block-paragraph\">De inmediato los patrulleros emprendieron la persecuci\u00f3n, a la vez que dieron aviso al resto de patrullas que estaban de turno.<\/p>\n\n\n\n<p class=\"wp-block-paragraph\">Esta persecuci\u00f3n termin\u00f3 en el barrio Villa de Dios, donde por fortuna, la polic\u00eda pudo recuperar la motocicleta que hab\u00eda sido hurtada y capturar a uno de los autores materiales del hurto y que seg\u00fan establecieron las autoridades, es menor de edad.<\/p>\n\n\n\n<p class=\"wp-block-paragraph\">A este joven, la polic\u00eda le da a conocer sus derechos que lo asisten como persona capturada y quien ser\u00e1 dejado a disposici\u00f3n del fiscal en turno URI.<\/p>\n","protected":false},"excerpt":{"rendered":"<p>Ayer 20 de febrero, hasta una patrulla de la polic\u00eda, que se encontraba haciendo labores de registro y control, se acerca un joven quien les manifiesta a los agentes de manera angustiada y pidiendo auxilio, haber sido v\u00edctima del hurto de su motocicleta, una Bws roja, un minuto antes, cuando bajaba por la calle de [&hellip;]<\/p>\n","protected":false},"author":3,"featured_media":0,"comment_status":"open","ping_status":"open","sticky":false,"template":"","format":"standard","meta":{"footnotes":""},"categories":[11,13],"tags":[],"class_list":["post-2087","post","type-post","status-publish","format-standard","hentry","category-local","category-news"],"_links":{"self":[{"href":"https:\/\/camposerranoradio.com\/home\/wp-json\/wp\/v2\/posts\/2087","targetHints":{"allow":["GET"]}}],"collection":[{"href":"https:\/\/camposerranoradio.com\/home\/wp-json\/wp\/v2\/posts"}],"about":[{"href":"https:\/\/camposerranoradio.com\/home\/wp-json\/wp\/v2\/types\/post"}],"author":[{"embeddable":true,"href":"https:\/\/camposerranoradio.com\/home\/wp-json\/wp\/v2\/users\/3"}],"replies":[{"embeddable":true,"href":"https:\/\/camposerranoradio.com\/home\/wp-json\/wp\/v2\/comments?post=2087"}],"version-history":[{"count":1,"href":"https:\/\/camposerranoradio.com\/home\/wp-json\/wp\/v2\/posts\/2087\/revisions"}],"predecessor-version":[{"id":2089,"href":"https:\/\/camposerranoradio.com\/home\/wp-json\/wp\/v2\/posts\/2087\/revisions\/2089"}],"wp:attachment":[{"href":"https:\/\/camposerranoradio.com\/home\/wp-json\/wp\/v2\/media?parent=2087"}],"wp:term":[{"taxonomy":"category","embeddable":true,"href":"https:\/\/camposerranoradio.com\/home\/wp-json\/wp\/v2\/categories?post=2087"},{"taxonomy":"post_tag","embeddable":true,"href":"https:\/\/camposerranoradio.com\/home\/wp-json\/wp\/v2\/tags?post=2087"}],"curies":[{"name":"wp","href":"https:\/\/api.w.org\/{rel}","templated":true}]}}