{"id":2117,"date":"2023-02-23T12:50:13","date_gmt":"2023-02-23T12:50:13","guid":{"rendered":"https:\/\/camposerranoradio.com\/home\/?p=2117"},"modified":"2023-02-23T12:50:14","modified_gmt":"2023-02-23T12:50:14","slug":"gran-grupo-ecologico-se-esta-creando-en-aguachica-y-tu-puedes-ser-parte-de-el","status":"publish","type":"post","link":"https:\/\/camposerranoradio.com\/home\/2023\/02\/23\/gran-grupo-ecologico-se-esta-creando-en-aguachica-y-tu-puedes-ser-parte-de-el\/","title":{"rendered":"<strong>GRAN GRUPO ECOL\u00d3GICO SE EST\u00c1 CREANDO EN AGUACHICA Y T\u00da PUEDES SER PARTE DE \u00c9L<\/strong>"},"content":{"rendered":"\n<p class=\"wp-block-paragraph\">Desde el martes 21 de Febrero en horas de la noche, un grupo de habitantes del barrio nuevo amanecer y la ciudadela de la paz, aunaron fuerzas y emprendieron una regat\u00f3n por los diferentes parques y escenarios naturales de nuestro municipio.<\/p>\n\n\n\n<p class=\"wp-block-paragraph\">El primer parque que se vio beneficiado con esta iniciativa organizada por los presidentes de juntas de acci\u00f3n comunal de estos barrios fue el nuevo amanecer, de ah\u00ed surgi\u00f3 la idea de conformar un grupo de personas amantes a cuidar la naturaleza y el medio ambiente, para luego seguir con la actividad, ayer en horas de la noche con el parque de la Ciudadela de la paz, donde ni\u00f1os, j\u00f3venes y adultos, de manera voluntaria se sumaron a este nuevo grupo ecol\u00f3gico.<\/p>\n\n\n\n<figure class=\"wp-block-audio\"><audio controls src=\"https:\/\/camposerranoradio.com\/home\/wp-content\/uploads\/2023\/02\/JUAN-CARLOS-QUINONEZ-GRUPO-ECOLOGICO-AUDIO-1.mp3\"><\/audio><figcaption class=\"wp-element-caption\"><strong>Juan Carlos Qui\u00f1onez, presidente JAC Ciudadela de la Paz<\/strong><\/figcaption><\/figure>\n\n\n\n<p class=\"wp-block-paragraph\">Si usted, querido oyente, tiene el sentir por cuidar y preservar los recursos naturales que a\u00fan tenemos en nuestro municipio, esta es su oportunidad de aportar su grano de arena, uni\u00e9ndose a este grupo de aguachiquenses que buscan un bien general para Aguachica. Tome nota del n\u00famero al cual puede contactarse para que se una a este grupo ecol\u00f3gico.<\/p>\n\n\n\n<figure class=\"wp-block-audio\"><audio controls src=\"https:\/\/camposerranoradio.com\/home\/wp-content\/uploads\/2023\/02\/JUAN-CARLOS-QUINONEZ-GRUPO-ECOLOGICO-AUDIO-2.mp3\"><\/audio><figcaption class=\"wp-element-caption\"><strong>Juan Carlos Qui\u00f1onez, presidente JAC Ciudadela de la Paz<\/strong><\/figcaption><\/figure>\n\n\n\n<figure class=\"wp-block-video\"><video controls src=\"https:\/\/camposerranoradio.com\/home\/wp-content\/uploads\/2023\/02\/WhatsApp-Video-2023-02-23-at-5.32.38-AM.mp4\"><\/video><\/figure>\n","protected":false},"excerpt":{"rendered":"<p>Desde el martes 21 de Febrero en horas de la noche, un grupo de habitantes del barrio nuevo amanecer y la ciudadela de la paz, aunaron fuerzas y emprendieron una regat\u00f3n por los diferentes parques y escenarios naturales de nuestro municipio. El primer parque que se vio beneficiado con esta iniciativa organizada por los presidentes [&hellip;]<\/p>\n","protected":false},"author":3,"featured_media":0,"comment_status":"open","ping_status":"open","sticky":false,"template":"","format":"standard","meta":{"footnotes":""},"categories":[11,13],"tags":[],"class_list":["post-2117","post","type-post","status-publish","format-standard","hentry","category-local","category-news"],"_links":{"self":[{"href":"https:\/\/camposerranoradio.com\/home\/wp-json\/wp\/v2\/posts\/2117","targetHints":{"allow":["GET"]}}],"collection":[{"href":"https:\/\/camposerranoradio.com\/home\/wp-json\/wp\/v2\/posts"}],"about":[{"href":"https:\/\/camposerranoradio.com\/home\/wp-json\/wp\/v2\/types\/post"}],"author":[{"embeddable":true,"href":"https:\/\/camposerranoradio.com\/home\/wp-json\/wp\/v2\/users\/3"}],"replies":[{"embeddable":true,"href":"https:\/\/camposerranoradio.com\/home\/wp-json\/wp\/v2\/comments?post=2117"}],"version-history":[{"count":1,"href":"https:\/\/camposerranoradio.com\/home\/wp-json\/wp\/v2\/posts\/2117\/revisions"}],"predecessor-version":[{"id":2122,"href":"https:\/\/camposerranoradio.com\/home\/wp-json\/wp\/v2\/posts\/2117\/revisions\/2122"}],"wp:attachment":[{"href":"https:\/\/camposerranoradio.com\/home\/wp-json\/wp\/v2\/media?parent=2117"}],"wp:term":[{"taxonomy":"category","embeddable":true,"href":"https:\/\/camposerranoradio.com\/home\/wp-json\/wp\/v2\/categories?post=2117"},{"taxonomy":"post_tag","embeddable":true,"href":"https:\/\/camposerranoradio.com\/home\/wp-json\/wp\/v2\/tags?post=2117"}],"curies":[{"name":"wp","href":"https:\/\/api.w.org\/{rel}","templated":true}]}}