{"id":2127,"date":"2023-02-23T13:12:55","date_gmt":"2023-02-23T13:12:55","guid":{"rendered":"https:\/\/camposerranoradio.com\/home\/?p=2127"},"modified":"2023-02-23T13:12:56","modified_gmt":"2023-02-23T13:12:56","slug":"por-omitir-un-pare-un-motociclista-choco-con-otro-automotor","status":"publish","type":"post","link":"https:\/\/camposerranoradio.com\/home\/2023\/02\/23\/por-omitir-un-pare-un-motociclista-choco-con-otro-automotor\/","title":{"rendered":"<strong>POR OMITIR UN PARE, UN MOTOCICLISTA CHOC\u00d3 CON OTRO AUTOMOTOR<\/strong>"},"content":{"rendered":"\n<p class=\"wp-block-paragraph\">La noche de ayer, en la calle 5 con carrera 18, se present\u00f3 un accidente de tr\u00e1nsito ocasionado por la omisi\u00f3n de PARE de un motociclista y que, a consecuencia del irrespeto por la se\u00f1al reguladora del tr\u00e1nsito, choc\u00f3 bruscamente contra otra moto que era conducida por una mujer.<\/p>\n\n\n\n<p class=\"wp-block-paragraph\">Al lugar de los hechos llegaron r\u00e1pidamente 2 ambulancias y los involucrados fueron llevados a un centro asistencial para que los galenos de turno valoraran las heridas.<\/p>\n\n\n\n<p class=\"wp-block-paragraph\">Igualmente, el d\u00eda de ayer, este medio pudo conocer de otro accidente ocurrido en horas de la ma\u00f1ana en la calle 16 que conecta con la reci\u00e9n inaugurada continuidad de la avenida Campo Serrano, donde se vieron involucrados una moto y un bus que transporta personal que trabaja en los proyectos de pavimentaci\u00f3n que se est\u00e1n realizando en el sector. El accidente dej\u00f3 como saldo una menor de aproximadamente 5 a\u00f1os con golpes leves y algunas quemaduras.<\/p>\n\n\n\n<p class=\"wp-block-paragraph\">Estas situaciones se han vuelto constantes en las diferentes calles y carreras de nuestro municipio, donde al menos 1 un accidente de tr\u00e1nsito a diario registra la comunidad.<\/p>\n\n\n\n<p class=\"wp-block-paragraph\">La falta de pericia, el exceso de velocidad, las v\u00edas en mal estado y sobre todo la omisi\u00f3n de las se\u00f1ales de tr\u00e1nsito, son las principales causas de los accidentes de tr\u00e1nsito.<\/p>\n\n\n\n<p class=\"wp-block-paragraph\">Recordemos que las se\u00f1ales de tr\u00e1nsito son herramientas de comunicaci\u00f3n que orientan, informan y previenen accidentes o situaciones durante el camino, y que es mejor perder 1 minuto en la vida, que la vida en 1 minuto.<\/p>\n","protected":false},"excerpt":{"rendered":"<p>La noche de ayer, en la calle 5 con carrera 18, se present\u00f3 un accidente de tr\u00e1nsito ocasionado por la omisi\u00f3n de PARE de un motociclista y que, a consecuencia del irrespeto por la se\u00f1al reguladora del tr\u00e1nsito, choc\u00f3 bruscamente contra otra moto que era conducida por una mujer. Al lugar de los hechos llegaron [&hellip;]<\/p>\n","protected":false},"author":3,"featured_media":0,"comment_status":"open","ping_status":"open","sticky":false,"template":"","format":"standard","meta":{"footnotes":""},"categories":[11,13],"tags":[],"class_list":["post-2127","post","type-post","status-publish","format-standard","hentry","category-local","category-news"],"_links":{"self":[{"href":"https:\/\/camposerranoradio.com\/home\/wp-json\/wp\/v2\/posts\/2127","targetHints":{"allow":["GET"]}}],"collection":[{"href":"https:\/\/camposerranoradio.com\/home\/wp-json\/wp\/v2\/posts"}],"about":[{"href":"https:\/\/camposerranoradio.com\/home\/wp-json\/wp\/v2\/types\/post"}],"author":[{"embeddable":true,"href":"https:\/\/camposerranoradio.com\/home\/wp-json\/wp\/v2\/users\/3"}],"replies":[{"embeddable":true,"href":"https:\/\/camposerranoradio.com\/home\/wp-json\/wp\/v2\/comments?post=2127"}],"version-history":[{"count":1,"href":"https:\/\/camposerranoradio.com\/home\/wp-json\/wp\/v2\/posts\/2127\/revisions"}],"predecessor-version":[{"id":2129,"href":"https:\/\/camposerranoradio.com\/home\/wp-json\/wp\/v2\/posts\/2127\/revisions\/2129"}],"wp:attachment":[{"href":"https:\/\/camposerranoradio.com\/home\/wp-json\/wp\/v2\/media?parent=2127"}],"wp:term":[{"taxonomy":"category","embeddable":true,"href":"https:\/\/camposerranoradio.com\/home\/wp-json\/wp\/v2\/categories?post=2127"},{"taxonomy":"post_tag","embeddable":true,"href":"https:\/\/camposerranoradio.com\/home\/wp-json\/wp\/v2\/tags?post=2127"}],"curies":[{"name":"wp","href":"https:\/\/api.w.org\/{rel}","templated":true}]}}