{"id":2164,"date":"2023-02-27T12:57:19","date_gmt":"2023-02-27T12:57:19","guid":{"rendered":"https:\/\/camposerranoradio.com\/home\/?p=2164"},"modified":"2023-02-27T12:57:20","modified_gmt":"2023-02-27T12:57:20","slug":"alerta-de-incendio-en-el-barrio-villa-de-dios-%f0%9f%94%a5%f0%9f%94%a5","status":"publish","type":"post","link":"https:\/\/camposerranoradio.com\/home\/2023\/02\/27\/alerta-de-incendio-en-el-barrio-villa-de-dios-%f0%9f%94%a5%f0%9f%94%a5\/","title":{"rendered":"<strong>ALERTA DE INCENDIO EN EL BARRIO VILLA DE DIOS&nbsp;<\/strong><strong>\ud83d\udd25\ud83d\udd25<\/strong><strong><\/strong>"},"content":{"rendered":"\n<p class=\"wp-block-paragraph\">Este s\u00e1bado 25 de febrero, en horas de la noche, un incendio forestal se desat\u00f3 en el sector de Villa de Dios, al sur de Aguachica. Las viviendas de la zona se vieron amenazadas por el fuego.<\/p>\n\n\n\n<p class=\"wp-block-paragraph\">Sin embargo, gracias a la atenci\u00f3n inmediata del llamado de emergencia por parte del cuerpo de bomberos voluntarios de Aguachica, el incendio fue controlado y apagado.<\/p>\n\n\n\n<p class=\"wp-block-paragraph\">Aunque se desconoce la causa por la cual el fuego se habr\u00eda generado, este episodio ha sido repetitivo durante la semana pasada, y es una clara se\u00f1al de la importancia de la coordinaci\u00f3n entre el organismo de bomberos y la comunidad.<\/p>\n\n\n\n<p class=\"wp-block-paragraph\">Pese a los problemas econ\u00f3micos que tiene actualmente la instituci\u00f3n bomberil, por la negligencia de la administraci\u00f3n actual de no girar los recursos correspondientes al cuerpo de bomberos desde el a\u00f1o pasado, a cargo de la comandante Beatriz Helena Dur\u00e1n Barba, ella y los pocos voluntarios que quedan hacen todo lo posible por asistir a cada emergencia que la comunidad solicite su ayuda.<\/p>\n\n\n\n<p class=\"wp-block-paragraph\">La comandante del cuerpo de bomberos voluntarios de Aguachica entreg\u00f3 el reporte de este incendio forestal.<\/p>\n\n\n\n<figure class=\"wp-block-audio\"><audio controls src=\"https:\/\/camposerranoradio.com\/home\/wp-content\/uploads\/2023\/02\/COMANDANTE-BOMBEROS-BEATRIZ-27-02.mp3\"><\/audio><figcaption class=\"wp-element-caption\"><strong> Beatriz Helena Duran Barba, comandante del cuerpo de bomberos voluntarios de Aguachica<\/strong><\/figcaption><\/figure>\n","protected":false},"excerpt":{"rendered":"<p>Este s\u00e1bado 25 de febrero, en horas de la noche, un incendio forestal se desat\u00f3 en el sector de Villa de Dios, al sur de Aguachica. Las viviendas de la zona se vieron amenazadas por el fuego. Sin embargo, gracias a la atenci\u00f3n inmediata del llamado de emergencia por parte del cuerpo de bomberos voluntarios [&hellip;]<\/p>\n","protected":false},"author":3,"featured_media":0,"comment_status":"open","ping_status":"open","sticky":false,"template":"","format":"standard","meta":{"footnotes":""},"categories":[11,13],"tags":[],"class_list":["post-2164","post","type-post","status-publish","format-standard","hentry","category-local","category-news"],"_links":{"self":[{"href":"https:\/\/camposerranoradio.com\/home\/wp-json\/wp\/v2\/posts\/2164","targetHints":{"allow":["GET"]}}],"collection":[{"href":"https:\/\/camposerranoradio.com\/home\/wp-json\/wp\/v2\/posts"}],"about":[{"href":"https:\/\/camposerranoradio.com\/home\/wp-json\/wp\/v2\/types\/post"}],"author":[{"embeddable":true,"href":"https:\/\/camposerranoradio.com\/home\/wp-json\/wp\/v2\/users\/3"}],"replies":[{"embeddable":true,"href":"https:\/\/camposerranoradio.com\/home\/wp-json\/wp\/v2\/comments?post=2164"}],"version-history":[{"count":1,"href":"https:\/\/camposerranoradio.com\/home\/wp-json\/wp\/v2\/posts\/2164\/revisions"}],"predecessor-version":[{"id":2167,"href":"https:\/\/camposerranoradio.com\/home\/wp-json\/wp\/v2\/posts\/2164\/revisions\/2167"}],"wp:attachment":[{"href":"https:\/\/camposerranoradio.com\/home\/wp-json\/wp\/v2\/media?parent=2164"}],"wp:term":[{"taxonomy":"category","embeddable":true,"href":"https:\/\/camposerranoradio.com\/home\/wp-json\/wp\/v2\/categories?post=2164"},{"taxonomy":"post_tag","embeddable":true,"href":"https:\/\/camposerranoradio.com\/home\/wp-json\/wp\/v2\/tags?post=2164"}],"curies":[{"name":"wp","href":"https:\/\/api.w.org\/{rel}","templated":true}]}}