{"id":2178,"date":"2023-02-27T17:07:51","date_gmt":"2023-02-27T17:07:51","guid":{"rendered":"https:\/\/camposerranoradio.com\/home\/?p=2178"},"modified":"2023-02-27T17:07:52","modified_gmt":"2023-02-27T17:07:52","slug":"%f0%9f%8e%b5-%f0%9f%8e%b6-%f0%9f%8e%a4-angela-castro-presenta-su-nuevo-videoclip-%f0%9f%8e%a4-%f0%9f%8e%b6-%f0%9f%8e%b5-cover-de-la-cancion-me-borraras","status":"publish","type":"post","link":"https:\/\/camposerranoradio.com\/home\/2023\/02\/27\/%f0%9f%8e%b5-%f0%9f%8e%b6-%f0%9f%8e%a4-angela-castro-presenta-su-nuevo-videoclip-%f0%9f%8e%a4-%f0%9f%8e%b6-%f0%9f%8e%b5-cover-de-la-cancion-me-borraras\/","title":{"rendered":"\ud83c\udfb5&nbsp;\ud83c\udfb6&nbsp;\ud83c\udfa4&nbsp;<strong>\u00a1ANGELA CASTRO PRESENTA SU NUEVO VIDEOCLIP!&nbsp;<\/strong><strong>\ud83c\udfa4<\/strong><strong>&nbsp;<\/strong><strong>\ud83c\udfb6<\/strong><strong>&nbsp;<\/strong><strong>\ud83c\udfb5<\/strong><strong>&nbsp;COVER DE LA CANCI\u00d3N \u00abME BORRAR\u00c1S\u00bb. \u00a1NO TE PIERDAS LA ENTREVISTA EN VIVO CON ESTA GRAN ARTISTA!<\/strong>"},"content":{"rendered":"\n<p class=\"wp-block-paragraph\">Oriunda de Medell\u00edn, Antioquia, pero con una larga trayectoria profesional en nuestro municipio, Angela Castro, comunicadora social y actualmente maestra de espa\u00f1ol en el colegio infantil Manitas Creativas, ha sido una mujer que se ha destacado en Aguachica por sus grandes aptitudes para el canto, la interpretaci\u00f3n y la ense\u00f1anza de este don que Dios y la vida le dieron.<\/p>\n\n\n\n<p class=\"wp-block-paragraph\">Con el apoyo y auspicio de un grupo de amigos fieles creyentes de su gran talento, animaron a Angela, a que grabara su primer videoclip de una canci\u00f3n. Fue as\u00ed como esta paisa, con gran incertidumbre, pero mucha emoci\u00f3n y entrega se prepar\u00f3 y escogi\u00f3 la canci\u00f3n Me borrar\u00e1s de la cantautora Isabel Saavedra.<\/p>\n\n\n\n<figure class=\"wp-block-embed is-type-video is-provider-youtube wp-block-embed-youtube wp-embed-aspect-16-9 wp-has-aspect-ratio\"><div class=\"wp-block-embed__wrapper\">\n<iframe title=\"Me borrara\u0301s - \u00c1ngela Castro\" width=\"640\" height=\"360\" src=\"https:\/\/www.youtube.com\/embed\/xIxDRHbG5T0?feature=oembed\" frameborder=\"0\" allow=\"accelerometer; autoplay; clipboard-write; encrypted-media; gyroscope; picture-in-picture; web-share\" referrerpolicy=\"strict-origin-when-cross-origin\" allowfullscreen><\/iframe>\n<\/div><\/figure>\n","protected":false},"excerpt":{"rendered":"<p>Oriunda de Medell\u00edn, Antioquia, pero con una larga trayectoria profesional en nuestro municipio, Angela Castro, comunicadora social y actualmente maestra de espa\u00f1ol en el colegio infantil Manitas Creativas, ha sido una mujer que se ha destacado en Aguachica por sus grandes aptitudes para el canto, la interpretaci\u00f3n y la ense\u00f1anza de este don que Dios [&hellip;]<\/p>\n","protected":false},"author":3,"featured_media":0,"comment_status":"open","ping_status":"open","sticky":false,"template":"","format":"standard","meta":{"footnotes":""},"categories":[4,11,13],"tags":[],"class_list":["post-2178","post","type-post","status-publish","format-standard","hentry","category-entertainment","category-local","category-news"],"_links":{"self":[{"href":"https:\/\/camposerranoradio.com\/home\/wp-json\/wp\/v2\/posts\/2178","targetHints":{"allow":["GET"]}}],"collection":[{"href":"https:\/\/camposerranoradio.com\/home\/wp-json\/wp\/v2\/posts"}],"about":[{"href":"https:\/\/camposerranoradio.com\/home\/wp-json\/wp\/v2\/types\/post"}],"author":[{"embeddable":true,"href":"https:\/\/camposerranoradio.com\/home\/wp-json\/wp\/v2\/users\/3"}],"replies":[{"embeddable":true,"href":"https:\/\/camposerranoradio.com\/home\/wp-json\/wp\/v2\/comments?post=2178"}],"version-history":[{"count":1,"href":"https:\/\/camposerranoradio.com\/home\/wp-json\/wp\/v2\/posts\/2178\/revisions"}],"predecessor-version":[{"id":2179,"href":"https:\/\/camposerranoradio.com\/home\/wp-json\/wp\/v2\/posts\/2178\/revisions\/2179"}],"wp:attachment":[{"href":"https:\/\/camposerranoradio.com\/home\/wp-json\/wp\/v2\/media?parent=2178"}],"wp:term":[{"taxonomy":"category","embeddable":true,"href":"https:\/\/camposerranoradio.com\/home\/wp-json\/wp\/v2\/categories?post=2178"},{"taxonomy":"post_tag","embeddable":true,"href":"https:\/\/camposerranoradio.com\/home\/wp-json\/wp\/v2\/tags?post=2178"}],"curies":[{"name":"wp","href":"https:\/\/api.w.org\/{rel}","templated":true}]}}