{"id":2328,"date":"2023-07-17T12:43:27","date_gmt":"2023-07-17T12:43:27","guid":{"rendered":"https:\/\/camposerranoradio.com\/home\/?p=2328"},"modified":"2023-07-17T12:43:27","modified_gmt":"2023-07-17T12:43:27","slug":"%f0%9f%93%9a-atencion-estudiantes-de-aguachica-cesar-habilitada-la-matricula-academica-en-la-universidad-popular-del-cesar-%f0%9f%8e%93%f0%9f%92%bc","status":"publish","type":"post","link":"https:\/\/camposerranoradio.com\/home\/2023\/07\/17\/%f0%9f%93%9a-atencion-estudiantes-de-aguachica-cesar-habilitada-la-matricula-academica-en-la-universidad-popular-del-cesar-%f0%9f%8e%93%f0%9f%92%bc\/","title":{"rendered":"\ud83d\udcda \u00a1Atenci\u00f3n estudiantes de Aguachica Cesar! Habilitada la matr\u00edcula acad\u00e9mica en la Universidad Popular del Cesar. \ud83c\udf93\ud83d\udcbc"},"content":{"rendered":"\n<p class=\"wp-block-paragraph\">Es el momento que todos estaban esperando: la Universidad Popular del Cesar en Aguachica ha abierto el per\u00edodo de matr\u00edcula acad\u00e9mica. Desde el 14 hasta el 18 de julio, los estudiantes tienen la oportunidad de cancelar la matr\u00edcula financiera y asegurar su cupo para el pr\u00f3ximo semestre. Sin embargo, aquellos que tengan dificultades con los descuentos y el pago de la matr\u00edcula financiera contar\u00e1n con un plazo extraordinario, aunque con desventajas en la inclusi\u00f3n de materias. \u00a1No pierdas esta oportunidad de seguir construyendo tu futuro acad\u00e9mico! \ud83d\udcdd\ud83c\udfaf<\/p>\n\n\n\n<p class=\"wp-block-paragraph\">Recuerda que es fundamental cumplir con los plazos establecidos para asegurar tu inscripci\u00f3n en las asignaturas de tu elecci\u00f3n. La Universidad Popular del Cesar est\u00e1 comprometida con brindar una educaci\u00f3n de calidad y accesible a todos. \u00a1Aprovecha esta oportunidad y prep\u00e1rate para alcanzar tus metas acad\u00e9micas!<\/p>\n","protected":false},"excerpt":{"rendered":"<p>Es el momento que todos estaban esperando: la Universidad Popular del Cesar en Aguachica ha abierto el per\u00edodo de matr\u00edcula acad\u00e9mica. Desde el 14 hasta el 18 de julio, los estudiantes tienen la oportunidad de cancelar la matr\u00edcula financiera y asegurar su cupo para el pr\u00f3ximo semestre. Sin embargo, aquellos que tengan dificultades con los [&hellip;]<\/p>\n","protected":false},"author":3,"featured_media":0,"comment_status":"open","ping_status":"open","sticky":false,"template":"","format":"standard","meta":{"footnotes":""},"categories":[11,13],"tags":[],"class_list":["post-2328","post","type-post","status-publish","format-standard","hentry","category-local","category-news"],"_links":{"self":[{"href":"https:\/\/camposerranoradio.com\/home\/wp-json\/wp\/v2\/posts\/2328","targetHints":{"allow":["GET"]}}],"collection":[{"href":"https:\/\/camposerranoradio.com\/home\/wp-json\/wp\/v2\/posts"}],"about":[{"href":"https:\/\/camposerranoradio.com\/home\/wp-json\/wp\/v2\/types\/post"}],"author":[{"embeddable":true,"href":"https:\/\/camposerranoradio.com\/home\/wp-json\/wp\/v2\/users\/3"}],"replies":[{"embeddable":true,"href":"https:\/\/camposerranoradio.com\/home\/wp-json\/wp\/v2\/comments?post=2328"}],"version-history":[{"count":1,"href":"https:\/\/camposerranoradio.com\/home\/wp-json\/wp\/v2\/posts\/2328\/revisions"}],"predecessor-version":[{"id":2330,"href":"https:\/\/camposerranoradio.com\/home\/wp-json\/wp\/v2\/posts\/2328\/revisions\/2330"}],"wp:attachment":[{"href":"https:\/\/camposerranoradio.com\/home\/wp-json\/wp\/v2\/media?parent=2328"}],"wp:term":[{"taxonomy":"category","embeddable":true,"href":"https:\/\/camposerranoradio.com\/home\/wp-json\/wp\/v2\/categories?post=2328"},{"taxonomy":"post_tag","embeddable":true,"href":"https:\/\/camposerranoradio.com\/home\/wp-json\/wp\/v2\/tags?post=2328"}],"curies":[{"name":"wp","href":"https:\/\/api.w.org\/{rel}","templated":true}]}}