{"id":2349,"date":"2023-07-17T17:26:18","date_gmt":"2023-07-17T17:26:18","guid":{"rendered":"https:\/\/camposerranoradio.com\/home\/?p=2349"},"modified":"2023-07-17T17:26:18","modified_gmt":"2023-07-17T17:26:18","slug":"emprendores-al-parque-ciudadela-de-la-paz","status":"publish","type":"post","link":"https:\/\/camposerranoradio.com\/home\/2023\/07\/17\/emprendores-al-parque-ciudadela-de-la-paz\/","title":{"rendered":"EMPRENDORES AL PARQUE CIUDADELA DE LA PAZ"},"content":{"rendered":"\n<p class=\"wp-block-paragraph\">Se llev\u00f3 a cabo la primera feria de emprendimiento comunitarioLos emprendedores se dieron cita en el parque ciudadela de la paz un lugar emblem\u00e1tico del municipio de aguachica.<\/p>\n\n\n\n<p class=\"has-text-align-left wp-block-paragraph\">Al aire libre expusieron sus art\u00edculos, bienes y servicios en cada uno de los stand debidamente identificados la variedad se extendi\u00f3 por todo el lugar se ofertaron desde modernas bater\u00edas de cocina, bolsos y carteras en material como suncho, bisuteria elaborada cien por ciento a mano, cojines con dise\u00f1os exclusivos, productos cosm\u00e9ticos con sello morrocoyero, lineas completas para cuidado papilar y una gran variedad de productos para degustar y saborear donde no pod\u00eda faltar la lechona tolimense con el sazon morrocoyero, pasabocas mexicanos elaborados por la gente de la tierrita aguachiquenses, delicias como arroz con leche, paletas, helados, variedad en tortas,postres, deliciosos panes artesanales, vinos elaborados con frutos de la regi\u00f3n, tambi\u00e9n se vincularon a este evento empresas especializadas en el ramo de la construcci\u00f3n de y por su puesto la sensaci\u00f3n del evento el emprendimiento de frutos ex\u00f3ticos como el ramputan, el mangostino y otros<\/p>\n\n\n\n<p class=\"has-text-align-left wp-block-paragraph\">Esta primera feria de emprendimiento comunitario le brinda a todos los emprendedores de la segunda ciudad del departamento y alrededores para dar a conocer sus productos bienes y servicios a toda la comunidad, en espera de que sea ella quien califique la calidad de los mismos<br>As\u00ed mismo est\u00e1s iniciativas generan confianza en los consumidores puesto que conocen de primera mano como se elaboran los productos y la posibilidad de adquirirlos de manera directa sin intermediarios.<\/p>\n\n\n\n<p class=\"has-text-align-left wp-block-paragraph\">Para los organizadores este primer paso es muy importante se espera que para una pr\u00f3xima convocatoria los aguachiquenses sigan apoyando el talento y el emprendimiento local\u2026.<\/p>\n","protected":false},"excerpt":{"rendered":"<p>Se llev\u00f3 a cabo la primera feria de emprendimiento comunitarioLos emprendedores se dieron cita en el parque ciudadela de la paz un lugar emblem\u00e1tico del municipio de aguachica. Al aire libre expusieron sus art\u00edculos, bienes y servicios en cada uno de los stand debidamente identificados la variedad se extendi\u00f3 por todo el lugar se ofertaron [&hellip;]<\/p>\n","protected":false},"author":3,"featured_media":0,"comment_status":"open","ping_status":"open","sticky":false,"template":"","format":"standard","meta":{"footnotes":""},"categories":[11,13],"tags":[],"class_list":["post-2349","post","type-post","status-publish","format-standard","hentry","category-local","category-news"],"_links":{"self":[{"href":"https:\/\/camposerranoradio.com\/home\/wp-json\/wp\/v2\/posts\/2349","targetHints":{"allow":["GET"]}}],"collection":[{"href":"https:\/\/camposerranoradio.com\/home\/wp-json\/wp\/v2\/posts"}],"about":[{"href":"https:\/\/camposerranoradio.com\/home\/wp-json\/wp\/v2\/types\/post"}],"author":[{"embeddable":true,"href":"https:\/\/camposerranoradio.com\/home\/wp-json\/wp\/v2\/users\/3"}],"replies":[{"embeddable":true,"href":"https:\/\/camposerranoradio.com\/home\/wp-json\/wp\/v2\/comments?post=2349"}],"version-history":[{"count":1,"href":"https:\/\/camposerranoradio.com\/home\/wp-json\/wp\/v2\/posts\/2349\/revisions"}],"predecessor-version":[{"id":2351,"href":"https:\/\/camposerranoradio.com\/home\/wp-json\/wp\/v2\/posts\/2349\/revisions\/2351"}],"wp:attachment":[{"href":"https:\/\/camposerranoradio.com\/home\/wp-json\/wp\/v2\/media?parent=2349"}],"wp:term":[{"taxonomy":"category","embeddable":true,"href":"https:\/\/camposerranoradio.com\/home\/wp-json\/wp\/v2\/categories?post=2349"},{"taxonomy":"post_tag","embeddable":true,"href":"https:\/\/camposerranoradio.com\/home\/wp-json\/wp\/v2\/tags?post=2349"}],"curies":[{"name":"wp","href":"https:\/\/api.w.org\/{rel}","templated":true}]}}