{"id":2846,"date":"2023-10-19T12:05:12","date_gmt":"2023-10-19T12:05:12","guid":{"rendered":"https:\/\/camposerranoradio.com\/home\/?p=2846"},"modified":"2023-10-19T12:05:12","modified_gmt":"2023-10-19T12:05:12","slug":"ladrones-hacen-de-las-suyas-en-el-barrio-las-americas","status":"publish","type":"post","link":"https:\/\/camposerranoradio.com\/home\/2023\/10\/19\/ladrones-hacen-de-las-suyas-en-el-barrio-las-americas\/","title":{"rendered":"LADRONES HACEN DE LAS SUYAS EN EL BARRIO LAS AM\u00c9RICAS"},"content":{"rendered":"\n<p class=\"wp-block-paragraph\">En horas de la noche de este martes, habitantes de la calle sexta con 23, fueron v\u00edctimas de ladrones que se encontraban en la zona oscura del parque al lado del Corporiente.<\/p>\n\n\n\n<p class=\"wp-block-paragraph\">Un familiar de la v\u00edctima, relata que en el momento en el que se encontraban saliendo de una vivienda del sector, dos hombres que estaban en el parque aprovecharon la falta de iluminaci\u00f3n del lugar, par abordar a la joven y posteriormente hurtarle sus pertenencias y que a pesar de hacer el llamado a las autorizaciones, estos nunca llegaron donde se present\u00f3 el robo.<\/p>\n\n\n\n<p class=\"wp-block-paragraph\">La comunidad del barrio las Am\u00e9ricas, manifiestan que este tipo de hechos se hacen comunes, ya que en algunas ocasiones es poca la presencia de la Polic\u00eda y que a pesar de que se ha solicitado el apoyo para mejorar la iluminaci\u00f3n del lugar, este ha sido imposible, pues el predio aleda\u00f1o es propiedad privada y que se ha convertido en espacio que es foco de inseguridad y consumo de drogas.<\/p>\n\n\n\n<iframe src=\"https:\/\/www.facebook.com\/plugins\/video.php?height=476&#038;href=https%3A%2F%2Fwww.facebook.com%2Fcamposerranoradio%2Fvideos%2F303093959174362%2F&#038;show_text=false&#038;width=211&#038;t=0\" width=\"211\" height=\"476\" style=\"border:none;overflow:hidden\" scrolling=\"no\" frameborder=\"0\" allowfullscreen=\"true\" allow=\"autoplay; clipboard-write; encrypted-media; picture-in-picture; web-share\" allowFullScreen=\"true\"><\/iframe>\n","protected":false},"excerpt":{"rendered":"<p>En horas de la noche de este martes, habitantes de la calle sexta con 23, fueron v\u00edctimas de ladrones que se encontraban en la zona oscura del parque al lado del Corporiente. Un familiar de la v\u00edctima, relata que en el momento en el que se encontraban saliendo de una vivienda del sector, dos hombres [&hellip;]<\/p>\n","protected":false},"author":2,"featured_media":0,"comment_status":"open","ping_status":"open","sticky":false,"template":"","format":"standard","meta":{"footnotes":""},"categories":[11,13],"tags":[],"class_list":["post-2846","post","type-post","status-publish","format-standard","hentry","category-local","category-news"],"_links":{"self":[{"href":"https:\/\/camposerranoradio.com\/home\/wp-json\/wp\/v2\/posts\/2846","targetHints":{"allow":["GET"]}}],"collection":[{"href":"https:\/\/camposerranoradio.com\/home\/wp-json\/wp\/v2\/posts"}],"about":[{"href":"https:\/\/camposerranoradio.com\/home\/wp-json\/wp\/v2\/types\/post"}],"author":[{"embeddable":true,"href":"https:\/\/camposerranoradio.com\/home\/wp-json\/wp\/v2\/users\/2"}],"replies":[{"embeddable":true,"href":"https:\/\/camposerranoradio.com\/home\/wp-json\/wp\/v2\/comments?post=2846"}],"version-history":[{"count":1,"href":"https:\/\/camposerranoradio.com\/home\/wp-json\/wp\/v2\/posts\/2846\/revisions"}],"predecessor-version":[{"id":2847,"href":"https:\/\/camposerranoradio.com\/home\/wp-json\/wp\/v2\/posts\/2846\/revisions\/2847"}],"wp:attachment":[{"href":"https:\/\/camposerranoradio.com\/home\/wp-json\/wp\/v2\/media?parent=2846"}],"wp:term":[{"taxonomy":"category","embeddable":true,"href":"https:\/\/camposerranoradio.com\/home\/wp-json\/wp\/v2\/categories?post=2846"},{"taxonomy":"post_tag","embeddable":true,"href":"https:\/\/camposerranoradio.com\/home\/wp-json\/wp\/v2\/tags?post=2846"}],"curies":[{"name":"wp","href":"https:\/\/api.w.org\/{rel}","templated":true}]}}