{"id":4393,"date":"2024-05-06T17:21:53","date_gmt":"2024-05-06T17:21:53","guid":{"rendered":"https:\/\/camposerranoradio.com\/home\/?p=4393"},"modified":"2024-05-06T17:21:53","modified_gmt":"2024-05-06T17:21:53","slug":"deplorable-estado-del-cerro-de-la-cruz-tras-las-festividades-del-tres-de-mayo-genera-indignacion-en-la-comunidad","status":"publish","type":"post","link":"https:\/\/camposerranoradio.com\/home\/2024\/05\/06\/deplorable-estado-del-cerro-de-la-cruz-tras-las-festividades-del-tres-de-mayo-genera-indignacion-en-la-comunidad\/","title":{"rendered":"DEPLORABLE ESTADO DEL CERRO DE LA CRUZ TRAS LAS FESTIVIDADES DEL TRES DE MAYO GENERA INDIGNACI\u00d3N EN LA COMUNIDAD"},"content":{"rendered":"\n<p class=\"has-text-align-left wp-block-paragraph\">Los aficionados a las actividades f\u00edsicas que frecuentan el Cerro de la Cruz han denunciado el lamentable estado en el que qued\u00f3 el lugar despu\u00e9s de las celebraciones de las fiestas de la Santa Cruz, que se llevan a cabo anualmente en este mirador. Los alrededores se han visto afectados por la gran cantidad de basura dejada por los visitantes.<\/p>\n\n\n\n<p class=\"has-text-align-left wp-block-paragraph\">Resulta cuestionable que los propios residentes de Aguachica soliciten mejoras en las condiciones de los terrenos del Bosque del Ag\u00fcil, pero a la hora de la verdad, pocos tienen la conciencia de aportar, aunque sea m\u00ednimamente a su preservaci\u00f3n. A pesar de contar con dos guardabosques en el lugar, su funci\u00f3n no implica recolectar y disponer de los residuos que la gente arroja.<\/p>\n\n\n\n<p class=\"has-text-align-left wp-block-paragraph\">La falta de sentido de pertenencia y conciencia ambiental entre los residentes de Aguachica es preocupante. Es necesario que se fomente un mayor sentido de responsabilidad hacia el cuidado y la preservaci\u00f3n de los espacios naturales. No se puede esperar que haya personas encargadas de recoger la basura que dejan los visitantes en cada lugar al que se acude.<\/p>\n\n\n\n<p class=\"has-text-align-left wp-block-paragraph\">Es fundamental que los aguachiquenses tomen conciencia de que cada uno es responsable de mantener limpios los espacios naturales que disfrutan. Adem\u00e1s, es importante recordar que el Cerro de la Cruz es un lugar emblem\u00e1tico y representativo de la ciudad, por lo que su deplorable estado tras las festividades afecta negativamente la imagen de Aguachica.<\/p>\n\n\n\n<iframe src=\"https:\/\/www.facebook.com\/plugins\/video.php?height=469&#038;href=https%3A%2F%2Fwww.facebook.com%2Fcamposerranoradio%2Fvideos%2F1143809579990523%2F&#038;show_text=false&#038;width=560&#038;t=0\" width=\"560\" height=\"469\" style=\"border:none;overflow:hidden\" scrolling=\"no\" frameborder=\"0\" allowfullscreen=\"true\" allow=\"autoplay; clipboard-write; encrypted-media; picture-in-picture; web-share\" allowFullScreen=\"true\"><\/iframe>\n","protected":false},"excerpt":{"rendered":"<p>Los aficionados a las actividades f\u00edsicas que frecuentan el Cerro de la Cruz han denunciado el lamentable estado en el que qued\u00f3 el lugar despu\u00e9s de las celebraciones de las fiestas de la Santa Cruz, que se llevan a cabo anualmente en este mirador. Los alrededores se han visto afectados por la gran cantidad de [&hellip;]<\/p>\n","protected":false},"author":2,"featured_media":4394,"comment_status":"open","ping_status":"open","sticky":false,"template":"","format":"standard","meta":{"footnotes":""},"categories":[11,13,29],"tags":[],"class_list":["post-4393","post","type-post","status-publish","format-standard","has-post-thumbnail","hentry","category-local","category-news","category-rural"],"_links":{"self":[{"href":"https:\/\/camposerranoradio.com\/home\/wp-json\/wp\/v2\/posts\/4393","targetHints":{"allow":["GET"]}}],"collection":[{"href":"https:\/\/camposerranoradio.com\/home\/wp-json\/wp\/v2\/posts"}],"about":[{"href":"https:\/\/camposerranoradio.com\/home\/wp-json\/wp\/v2\/types\/post"}],"author":[{"embeddable":true,"href":"https:\/\/camposerranoradio.com\/home\/wp-json\/wp\/v2\/users\/2"}],"replies":[{"embeddable":true,"href":"https:\/\/camposerranoradio.com\/home\/wp-json\/wp\/v2\/comments?post=4393"}],"version-history":[{"count":1,"href":"https:\/\/camposerranoradio.com\/home\/wp-json\/wp\/v2\/posts\/4393\/revisions"}],"predecessor-version":[{"id":4395,"href":"https:\/\/camposerranoradio.com\/home\/wp-json\/wp\/v2\/posts\/4393\/revisions\/4395"}],"wp:featuredmedia":[{"embeddable":true,"href":"https:\/\/camposerranoradio.com\/home\/wp-json\/wp\/v2\/media\/4394"}],"wp:attachment":[{"href":"https:\/\/camposerranoradio.com\/home\/wp-json\/wp\/v2\/media?parent=4393"}],"wp:term":[{"taxonomy":"category","embeddable":true,"href":"https:\/\/camposerranoradio.com\/home\/wp-json\/wp\/v2\/categories?post=4393"},{"taxonomy":"post_tag","embeddable":true,"href":"https:\/\/camposerranoradio.com\/home\/wp-json\/wp\/v2\/tags?post=4393"}],"curies":[{"name":"wp","href":"https:\/\/api.w.org\/{rel}","templated":true}]}}